{"id":27643,"date":"2015-05-25T00:00:00","date_gmt":"2015-05-24T23:00:00","guid":{"rendered":"https:\/\/fundaciosetba.org\/barcelona-swing\/"},"modified":"2022-04-12T09:07:00","modified_gmt":"2022-04-12T08:07:00","slug":"barcelona-swing","status":"publish","type":"post","link":"https:\/\/fundaciosetba.org\/es\/barcelona-swing\/","title":{"rendered":"Barcelona Swing"},"content":{"rendered":"<h2>Barcelona Swing<\/h2>\n<p id=\"tw-target-text\" class=\"tw-data-text vk_txt tw-ta tw-text-small\" dir=\"ltr\" data-placeholder=\"Traducci\u00f3\"><span lang=\"es\">Recorrido musical a trav\u00e9s de temas m\u00edticos del siglo XX y XXI que han sonado en el Sidecar . En el marco de la muestra De la Vanguardia el Sidecar, la Fundaci\u00f3n Setba presenta Barcelona Swing, un recorrido musical a trav\u00e9s de temas m\u00edticos de este siglo y del pasado, que han sonado en el Sidecar. El concierto correr\u00e1 a cargo de Rafa Pascual (bajo ac\u00fastico) , Philip Stanton (voz) y Joan Eloi Vila (guitarra). Stanton, creador de la popular serie de dibujos animados Misha, la gata violeta (que emite actualmente TV3), es uno de los artistas que exponen en la muestra actual, y Vila ha formado parte de la banda de los programas de Andreu Buenafuente en TV3, antena 3 y La Sexta. + Info sobre la banda<\/span><\/p>\n<p><img loading=\"lazy\" decoding=\"async\" class=\"aligncenter size-full wp-image-215\" src=\"https:\/\/fundaciosetba.org\/wp-content\/uploads\/2021\/12\/CONCERT-Barcelona-Swing1.jpg\" alt='CONCERT Barcelona Swing(1)' width=\"2551\" height=\"1181\" \/><\/p>\n","protected":false},"excerpt":{"rendered":"<p>Recorregut musical a trav\u00e9s de temes m\u00edtics del segle XX i XXI que han sonat al Sidecar.<\/p>\n","protected":false},"author":1,"featured_media":27640,"comment_status":"closed","ping_status":"closed","sticky":false,"template":"","format":"standard","meta":{"footnotes":""},"categories":[1090],"tags":[1267],"class_list":["post-27643","post","type-post","status-publish","format-standard","has-post-thumbnail","hentry","category-noticias","tag-sidecar-es-2"],"_links":{"self":[{"href":"https:\/\/fundaciosetba.org\/es\/wp-json\/wp\/v2\/posts\/27643","targetHints":{"allow":["GET"]}}],"collection":[{"href":"https:\/\/fundaciosetba.org\/es\/wp-json\/wp\/v2\/posts"}],"about":[{"href":"https:\/\/fundaciosetba.org\/es\/wp-json\/wp\/v2\/types\/post"}],"author":[{"embeddable":true,"href":"https:\/\/fundaciosetba.org\/es\/wp-json\/wp\/v2\/users\/1"}],"replies":[{"embeddable":true,"href":"https:\/\/fundaciosetba.org\/es\/wp-json\/wp\/v2\/comments?post=27643"}],"version-history":[{"count":1,"href":"https:\/\/fundaciosetba.org\/es\/wp-json\/wp\/v2\/posts\/27643\/revisions"}],"predecessor-version":[{"id":31040,"href":"https:\/\/fundaciosetba.org\/es\/wp-json\/wp\/v2\/posts\/27643\/revisions\/31040"}],"wp:featuredmedia":[{"embeddable":true,"href":"https:\/\/fundaciosetba.org\/es\/wp-json\/wp\/v2\/media\/27640"}],"wp:attachment":[{"href":"https:\/\/fundaciosetba.org\/es\/wp-json\/wp\/v2\/media?parent=27643"}],"wp:term":[{"taxonomy":"category","embeddable":true,"href":"https:\/\/fundaciosetba.org\/es\/wp-json\/wp\/v2\/categories?post=27643"},{"taxonomy":"post_tag","embeddable":true,"href":"https:\/\/fundaciosetba.org\/es\/wp-json\/wp\/v2\/tags?post=27643"}],"curies":[{"name":"wp","href":"https:\/\/api.w.org\/{rel}","templated":true}]}}