{"id":27644,"date":"2015-05-25T00:00:00","date_gmt":"2015-05-24T23:00:00","guid":{"rendered":"https:\/\/fundaciosetba.org\/el-price-de-los-poetas\/"},"modified":"2022-04-12T09:26:15","modified_gmt":"2022-04-12T08:26:15","slug":"el-price-de-los-poetas","status":"publish","type":"post","link":"https:\/\/fundaciosetba.org\/es\/el-price-de-los-poetas\/","title":{"rendered":"El Price de los poetas"},"content":{"rendered":"<h2>El Price de los poetas<\/h2>\n<h5>Jueves 19 de marzo de 2015 a las 19:30h<\/h5>\n<p>Proyecci\u00f3n del documental realizado por Pere Portabella en 1970 y posterior charla a cargo de Vicen\u00e7 Altai\u00f3, uno de los protagonistas de este evento po\u00e9tico, que tuvo lugar el 25 de mayo de 1970.<\/p>\n<p>Duraci\u00f3n: 90 minutos<br \/>\nEntrada libre<\/p>\n<p><strong><span style=\"text-decoration: underline;\"><img loading=\"lazy\" decoding=\"async\" class=\"aligncenter size-full wp-image-5442\" src=\"https:\/\/fundaciosetba.org\/wp-content\/uploads\/2015\/03\/CINEF\u00d2RUM-El-Price-dels-poetes.jpg\" alt=\"CINEF\u00d2RUM El Price dels poetes\" width=\"2551\" height=\"1181\" \/><\/span><\/strong><\/p>\n<p><strong><span style=\"text-decoration: underline;\">P<\/span><\/strong><strong><span style=\"text-decoration: underline;\">oetas catalanes<\/span><\/strong><\/p>\n<p>Film clandestino del 1er Festival Popular de Poes\u00eda Catalana, celebrado en el Teatro Price de Barcelona el 25 de mayo de 1970 en solidaridad con los presos pol\u00edticos. Intervienen los poetas Agust\u00ed Bartra, Joan Oliver (Pere Quart), Salvador Espriu, Joan Brossa, Francesc Vallverd\u00fa y Gabriel Ferrater.<\/p>\n<p>FICHA T\u00c9CNICA<\/p>\n<p>Producci\u00f3n: Films 59<br \/>\nDirector: Pere Portabella<br \/>\nDirector fotograf\u00eda: Manuel Esteban<br \/>\nAyudante de c\u00e1mara: Pere Dom\u00e9nech<br \/>\nAyudante Sonido: Carlos Nogales<br \/>\nVersi\u00f3n original: Catal\u00e1n<\/p>\n<p>POD\u00c9IS VER UN FRAGMENTO DEL DOCUMENTAL <a href=\"https:\/\/www.youtube.com\/watch?v=o8_4p0lHS7I\" target=\"_blank\" rel=\"noopener\">AQU\u00cd<\/a>.<\/p>\n<div class=\"fb-comments fb_iframe_widget\" data-href=\"http:\/\/esp.fundaciosetba.org\/el-price-de-los-poetas-xidc-1260\" data-num-posts=\"10\" data-width=\"660\"><\/div>\n","protected":false},"excerpt":{"rendered":"<p>Proyecci\u00f3n y coloquio sobre el evento po\u00e9tico que tuvo lugar en el a\u00f1o 70 en el Gran Price.<\/p>\n","protected":false},"author":1,"featured_media":0,"comment_status":"closed","ping_status":"closed","sticky":false,"template":"","format":"standard","meta":{"footnotes":""},"categories":[1090],"tags":[],"class_list":["post-27644","post","type-post","status-publish","format-standard","hentry","category-noticias"],"_links":{"self":[{"href":"https:\/\/fundaciosetba.org\/es\/wp-json\/wp\/v2\/posts\/27644","targetHints":{"allow":["GET"]}}],"collection":[{"href":"https:\/\/fundaciosetba.org\/es\/wp-json\/wp\/v2\/posts"}],"about":[{"href":"https:\/\/fundaciosetba.org\/es\/wp-json\/wp\/v2\/types\/post"}],"author":[{"embeddable":true,"href":"https:\/\/fundaciosetba.org\/es\/wp-json\/wp\/v2\/users\/1"}],"replies":[{"embeddable":true,"href":"https:\/\/fundaciosetba.org\/es\/wp-json\/wp\/v2\/comments?post=27644"}],"version-history":[{"count":1,"href":"https:\/\/fundaciosetba.org\/es\/wp-json\/wp\/v2\/posts\/27644\/revisions"}],"predecessor-version":[{"id":31121,"href":"https:\/\/fundaciosetba.org\/es\/wp-json\/wp\/v2\/posts\/27644\/revisions\/31121"}],"wp:attachment":[{"href":"https:\/\/fundaciosetba.org\/es\/wp-json\/wp\/v2\/media?parent=27644"}],"wp:term":[{"taxonomy":"category","embeddable":true,"href":"https:\/\/fundaciosetba.org\/es\/wp-json\/wp\/v2\/categories?post=27644"},{"taxonomy":"post_tag","embeddable":true,"href":"https:\/\/fundaciosetba.org\/es\/wp-json\/wp\/v2\/tags?post=27644"}],"curies":[{"name":"wp","href":"https:\/\/api.w.org\/{rel}","templated":true}]}}