{"id":27648,"date":"2015-05-27T00:00:00","date_gmt":"2015-05-26T23:00:00","guid":{"rendered":"https:\/\/fundaciosetba.org\/hablemos-de-piedras\/"},"modified":"2022-04-12T09:14:21","modified_gmt":"2022-04-12T08:14:21","slug":"hablemos-de-piedras","status":"publish","type":"post","link":"https:\/\/fundaciosetba.org\/es\/hablemos-de-piedras\/","title":{"rendered":"Hablemos de piedras"},"content":{"rendered":"<h2>Hablemos de piedras<\/h2>\n<h4>Del 5 de marzo al 30 de abril de 2015<\/h4>\n<p>&nbsp;<\/p>\n<p><strong>Conversaci\u00f3n art\u00edstica entre dos escultores que trabajan la piedra con una t\u00e9cnica similar, pero con resultados est\u00e9ticos completamente diferentes.<\/strong><\/p>\n<p>&nbsp;<\/p>\n<p>Siguiendo con el ciclo de di\u00e1logos que iniciamos el mes de septiembre en el Eixample, a partir del 5 de marzo inauguramos<em>Hablemos de piedras<\/em>. Una conversaci\u00f3n art\u00edstica entre dos escultores que trabajan la piedra con una t\u00e9cnica similar, pero con resultados est\u00e9ticos completamente diferentes.<\/p>\n<p>&nbsp;<\/p>\n<p><span style=\"text-decoration: underline;\"><strong>Isidre Tolosa<\/strong><\/span><\/p>\n<p>Creo que la piedra es uno de los materiales m\u00e1s nobles, primario y necesario que nos da la tierra. Vivimos rodeados de piedras, estamos hechos como ellas de minerales. Me fascina como a lo largo de los a\u00f1os se forman o transforman, sus colores, los f\u00f3siles que quedan atrapados, las vetas, etc.<\/p>\n<p><img loading=\"lazy\" decoding=\"async\" class=\"aligncenter size-full wp-image-1569\" src=\"https:\/\/fundaciosetba.org\/wp-content\/uploads\/2021\/12\/2.jpg\" alt='2' width=\"687\" height=\"281\" \/><\/p>\n<p><span style=\"text-decoration: underline;\"><strong>Xavier Jansana<\/strong><\/span><\/p>\n<p>Para m\u00ed, la escultura es fundamentalmente una experiencia t\u00e1ctil. La siento m\u00e1s con las manos que con el pensamiento, aunque la piense.<\/p>\n<p>Hace unos a\u00f1os un amigo me pregunt\u00f3 de qu\u00e9 estaban hechas mis esculturas. Con toda la naturalidad le contest\u00e9: de piedra. No las pod\u00eda imaginar de otra manera. Ya s\u00e9 que hay una infinidad de materiales y t\u00e9cnicas, pero, de una forma inocente, siempre las he pensado en piedra.<\/p>\n<p><a title=\"Parlem de pedres\" href=\"https:\/\/www.flickr.com\/photos\/fundaciosetba\/albums\/72157655630181676\" data-flickr-embed=\"true\"><img loading=\"lazy\" decoding=\"async\" src=\"https:\/\/fundaciosetba.org\/wp-content\/uploads\/2021\/12\/19567990592_003cd1f72e_z.jpg\" alt='Parlem de pedres' width=\"374\" height=\"640\" \/><\/a><script src=\"\/\/embedr.flickr.com\/assets\/client-code.js\" async=\"\" charset=\"utf-8\"><\/script><\/p>\n","protected":false},"excerpt":{"rendered":"<p>Conversaci\u00f3n art\u00edstica entre dos escultores que trabajan la piedra con una t\u00e9cnica similar, pero con resultados est\u00e9ticos completamente diferentes.<\/p>\n","protected":false},"author":1,"featured_media":27396,"comment_status":"closed","ping_status":"closed","sticky":false,"template":"","format":"standard","meta":{"footnotes":""},"categories":[1090],"tags":[1299],"class_list":["post-27648","post","type-post","status-publish","format-standard","has-post-thumbnail","hentry","category-noticias","tag-parlemdepedres-es-2"],"_links":{"self":[{"href":"https:\/\/fundaciosetba.org\/es\/wp-json\/wp\/v2\/posts\/27648","targetHints":{"allow":["GET"]}}],"collection":[{"href":"https:\/\/fundaciosetba.org\/es\/wp-json\/wp\/v2\/posts"}],"about":[{"href":"https:\/\/fundaciosetba.org\/es\/wp-json\/wp\/v2\/types\/post"}],"author":[{"embeddable":true,"href":"https:\/\/fundaciosetba.org\/es\/wp-json\/wp\/v2\/users\/1"}],"replies":[{"embeddable":true,"href":"https:\/\/fundaciosetba.org\/es\/wp-json\/wp\/v2\/comments?post=27648"}],"version-history":[{"count":1,"href":"https:\/\/fundaciosetba.org\/es\/wp-json\/wp\/v2\/posts\/27648\/revisions"}],"predecessor-version":[{"id":31060,"href":"https:\/\/fundaciosetba.org\/es\/wp-json\/wp\/v2\/posts\/27648\/revisions\/31060"}],"wp:featuredmedia":[{"embeddable":true,"href":"https:\/\/fundaciosetba.org\/es\/wp-json\/wp\/v2\/media\/27396"}],"wp:attachment":[{"href":"https:\/\/fundaciosetba.org\/es\/wp-json\/wp\/v2\/media?parent=27648"}],"wp:term":[{"taxonomy":"category","embeddable":true,"href":"https:\/\/fundaciosetba.org\/es\/wp-json\/wp\/v2\/categories?post=27648"},{"taxonomy":"post_tag","embeddable":true,"href":"https:\/\/fundaciosetba.org\/es\/wp-json\/wp\/v2\/tags?post=27648"}],"curies":[{"name":"wp","href":"https:\/\/api.w.org\/{rel}","templated":true}]}}