{"id":27899,"date":"2015-04-25T00:00:00","date_gmt":"2015-04-24T23:00:00","guid":{"rendered":"https:\/\/fundaciosetba.org\/mexcat-2012-2\/"},"modified":"2022-04-12T09:17:19","modified_gmt":"2022-04-12T08:17:19","slug":"mexcat-2012-2","status":"publish","type":"post","link":"https:\/\/fundaciosetba.org\/es\/mexcat-2012-2\/","title":{"rendered":"MEXCAT 2012"},"content":{"rendered":"<h2>MEXCAT 2012<\/h2>\n<h4>Del 27 de septiembre al 5 de octubre de 2012<\/h4>\n<p style=\"text-align: right;\"><a href=\"https:\/\/fundaciosetba.org\/es\/tag\/mexcat-es\">Otras ediciones<\/a><\/p>\n<p><strong>La Fundaci\u00f3n Setba colabora un a\u00f1o m\u00e1s con la Asociaci\u00f3n Cultural Catalano Mexicana durante la Semana de M\u00e9xico<\/strong>.<\/p>\n<p><img loading=\"lazy\" decoding=\"async\" class=\" size-full wp-image-2016 alignnone\" src=\"https:\/\/fundaciosetba.org\/wp-content\/uploads\/2015\/05\/INIVTACI%C3%93-Mexcat-2012.jpg\" alt=\"INIVTACI\u00d3 Mexcat 2012\" width=\"1181\" height=\"1772\" \/><\/p>\n<p>El programa Barcelona Vive M\u00e9xico quiere ser un punto de encuentro de la comunidad mexicana y catalana en Barcelona destinado a todos los p\u00fablicos. Los antecedentes de esta propuesta son en el Encuentro Mariachi de Barcelona, celebrado en la Pla\u00e7a Reial fruto del hermanamiento de esta plaza con la Plaza Garibaldi, y a la que siguieron varias ediciones de la Semana de M\u00e9xico en Barcelona, celebradas en el Poble Espanyol.<\/p>\n<p>Barcelona Vive M\u00e9xico sigue la l\u00ednea de estas festividades con una propuesta conjunta surgida de la sociedad civil en Catalunya para la promoci\u00f3n de la cultura mexicana. Para ello se ha dado importancia a las artes visuales, la m\u00fasica y la danza, y a las actividades acad\u00e9micas e infantiles. Todo complementado con una Feria mexicana de entidades, gastronom\u00eda y propuestas para todos los p\u00fablicos.<\/p>\n<p>Para todo mexicano y mexicana las fiestas de la independencia son un momento importante para darse a conocer ante el mundo y para reinvidicar el concepto y realidad de la naci\u00f3n mexicana, muy heterogenea, rica e integradora.<\/p>\n<p>Este a\u00f1o, la Fundaci\u00f3n Setba acoge la muestra &#8216;El arquetipo de Renato&#8217; del maestro Renato Gonz\u00e1lez.<\/p>\n","protected":false},"excerpt":{"rendered":"<p>La Fundaci\u00f3n Setba colabora un a\u00f1o m\u00e1s con la Asociaci\u00f3n Cultural Catalano Mexicana durante la Semana de M\u00e9xicoEl arquetipo de Renato<\/p>\n","protected":false},"author":1,"featured_media":0,"comment_status":"closed","ping_status":"closed","sticky":false,"template":"","format":"standard","meta":{"footnotes":""},"categories":[1090],"tags":[],"class_list":["post-27899","post","type-post","status-publish","format-standard","hentry","category-noticias"],"_links":{"self":[{"href":"https:\/\/fundaciosetba.org\/es\/wp-json\/wp\/v2\/posts\/27899","targetHints":{"allow":["GET"]}}],"collection":[{"href":"https:\/\/fundaciosetba.org\/es\/wp-json\/wp\/v2\/posts"}],"about":[{"href":"https:\/\/fundaciosetba.org\/es\/wp-json\/wp\/v2\/types\/post"}],"author":[{"embeddable":true,"href":"https:\/\/fundaciosetba.org\/es\/wp-json\/wp\/v2\/users\/1"}],"replies":[{"embeddable":true,"href":"https:\/\/fundaciosetba.org\/es\/wp-json\/wp\/v2\/comments?post=27899"}],"version-history":[{"count":1,"href":"https:\/\/fundaciosetba.org\/es\/wp-json\/wp\/v2\/posts\/27899\/revisions"}],"predecessor-version":[{"id":31084,"href":"https:\/\/fundaciosetba.org\/es\/wp-json\/wp\/v2\/posts\/27899\/revisions\/31084"}],"wp:attachment":[{"href":"https:\/\/fundaciosetba.org\/es\/wp-json\/wp\/v2\/media?parent=27899"}],"wp:term":[{"taxonomy":"category","embeddable":true,"href":"https:\/\/fundaciosetba.org\/es\/wp-json\/wp\/v2\/categories?post=27899"},{"taxonomy":"post_tag","embeddable":true,"href":"https:\/\/fundaciosetba.org\/es\/wp-json\/wp\/v2\/tags?post=27899"}],"curies":[{"name":"wp","href":"https:\/\/api.w.org\/{rel}","templated":true}]}}