{"id":27903,"date":"2015-04-26T00:00:00","date_gmt":"2015-04-25T23:00:00","guid":{"rendered":"https:\/\/fundaciosetba.org\/mujeres-invisibles\/"},"modified":"2022-04-12T09:17:12","modified_gmt":"2022-04-12T08:17:12","slug":"mujeres-invisibles","status":"publish","type":"post","link":"https:\/\/fundaciosetba.org\/es\/mujeres-invisibles\/","title":{"rendered":"Mujeres Invisibles"},"content":{"rendered":"<h2>Mujeres Invisibles<\/h2>\n<h4>Del 23 de octubre al 3 de diciembre\u00a0de 2012<\/h4>\n<p>&nbsp;<\/p>\n<p><strong>Doce fot\u00f3grafas dan visibilidad a las mujeres invisibles. El proyecto quiere recoger fondos para una casa para mujeres maltratadas.<\/strong><\/p>\n<p>&nbsp;<\/p>\n<p>Con motivo del D\u00eda internacional de la Lucha contra la Violencia de G\u00e9nero,<strong> el 25 de noviembre la Fundaci\u00f3n Setba inaugura la muestra &#8216;Mujeres invisibles&#8217;.<\/strong> Se trata de un proyecto impulsado por CACiS de 12 fot\u00f3grafas que han realizado obras de denuncia alrededor de la violencia de g\u00e9nero y que se podr\u00e1n ver a la Sala Llimona, de la Fundaci\u00f3n Setba, del 25 de noviembre al 3 de diciembre.<\/p>\n<p>&nbsp;<\/p>\n<p>Adem\u00e1s, se pondr\u00e1n a disposici\u00f3n del p\u00fablico unos <em>porfolios<\/em> con reproducciones de las obras originales, que tienen un coste de 25\u20ac, y tambi\u00e9n el juego de 12 postales con un precio de 5\u20ac. Todos beneficios se destinar\u00e1n a un centro de acogida para mujeres que han sufrido maltratos.<\/p>\n<p><img loading=\"lazy\" decoding=\"async\" class=\"aligncenter size-full wp-image-2010\" src=\"https:\/\/fundaciosetba.org\/wp-content\/uploads\/2021\/12\/FLYER-Dones-invisibles-PQ1.jpg\" alt='FLYER Dones invisibles PQ(1)' width=\"850\" height=\"365\" \/><\/p>\n<p>&nbsp;<\/p>\n","protected":false},"excerpt":{"rendered":"<p>Doce fot\u00f3grafas dan visibilidad a las mujeres invisibles. El proyecto quiere recoger fondos para una casa para mujeres maltratadas.<\/p>\n","protected":false},"author":1,"featured_media":27900,"comment_status":"closed","ping_status":"closed","sticky":false,"template":"","format":"standard","meta":{"footnotes":""},"categories":[1090],"tags":[1313],"class_list":["post-27903","post","type-post","status-publish","format-standard","has-post-thumbnail","hentry","category-noticias","tag-donesinvisibles-es-2"],"_links":{"self":[{"href":"https:\/\/fundaciosetba.org\/es\/wp-json\/wp\/v2\/posts\/27903","targetHints":{"allow":["GET"]}}],"collection":[{"href":"https:\/\/fundaciosetba.org\/es\/wp-json\/wp\/v2\/posts"}],"about":[{"href":"https:\/\/fundaciosetba.org\/es\/wp-json\/wp\/v2\/types\/post"}],"author":[{"embeddable":true,"href":"https:\/\/fundaciosetba.org\/es\/wp-json\/wp\/v2\/users\/1"}],"replies":[{"embeddable":true,"href":"https:\/\/fundaciosetba.org\/es\/wp-json\/wp\/v2\/comments?post=27903"}],"version-history":[{"count":1,"href":"https:\/\/fundaciosetba.org\/es\/wp-json\/wp\/v2\/posts\/27903\/revisions"}],"predecessor-version":[{"id":31083,"href":"https:\/\/fundaciosetba.org\/es\/wp-json\/wp\/v2\/posts\/27903\/revisions\/31083"}],"wp:featuredmedia":[{"embeddable":true,"href":"https:\/\/fundaciosetba.org\/es\/wp-json\/wp\/v2\/media\/27900"}],"wp:attachment":[{"href":"https:\/\/fundaciosetba.org\/es\/wp-json\/wp\/v2\/media?parent=27903"}],"wp:term":[{"taxonomy":"category","embeddable":true,"href":"https:\/\/fundaciosetba.org\/es\/wp-json\/wp\/v2\/categories?post=27903"},{"taxonomy":"post_tag","embeddable":true,"href":"https:\/\/fundaciosetba.org\/es\/wp-json\/wp\/v2\/tags?post=27903"}],"curies":[{"name":"wp","href":"https:\/\/api.w.org\/{rel}","templated":true}]}}