{"id":28021,"date":"2014-06-22T00:00:00","date_gmt":"2014-06-21T23:00:00","guid":{"rendered":"https:\/\/fundaciosetba.org\/el-balcon-de-las-artes-2014\/"},"modified":"2022-04-12T09:32:35","modified_gmt":"2022-04-12T08:32:35","slug":"el-balcon-de-las-artes-2014","status":"publish","type":"post","link":"https:\/\/fundaciosetba.org\/es\/el-balcon-de-las-artes-2014\/","title":{"rendered":"El Balc\u00f3n de las Artes 2014"},"content":{"rendered":"<p>El Real C\u00edrculo Art\u00edstico acoge, un a\u00f1o m\u00e1s, la exposici\u00f3n de las obras finalistas de este certamen de pintura para personas con discapacidad intelectual y del desarrollo.<\/p>\n<p>Un a\u00f1o m\u00e1s, la Fundaci\u00f3n Setba convoca el certamen de pintura El Balc\u00f3n de las Artes, destinado a personas con discapacidad intelectual i del desarrollo.<\/p>\n<p>En esta cuarta edici\u00f3n colabora de nuevo con el Real C\u00edrculo Art\u00edstico de Barcelona\u00a0para exponer las obrass. La inauguraci\u00f3n de la muestra y la entrega de premios tendr\u00e1n lugar el pr\u00f3ximo 10 de junio\u00a0en el Real C\u00edrculo Art\u00edstico, y la exposici\u00f3n se podr\u00e1 ver hasta el 17 de junio. Ese mismo d\u00eda y por segundo a\u00f1o, tendr\u00e1 lugar una <a href=\"http:\/\/esp.fundaciosetba.org\/subasta-solidaria-2014-xidc-1158\" target=\"_blank\" rel=\"noopener\">Subasta Solidaria<\/a> con las 12 obras finalistas.<\/p>\n<p>La participaci\u00f3n este a\u00f1o ha sido record:\u00a026 entidades, con un total de 451 obras presentadas, casi el doble que el a\u00f1o pasado.<\/p>\n<p>El jurado, integrado por Pep Camps (artista), Josep F\u00e9lix Bentz (presidente Real Circulo Art\u00edstico), N\u00faria Guinovart (artista), Raimon Maragall (galerista), Ricard Mas Peinado (cr\u00edtico de arte), Roser Od\u00faber (artista y directora CACIS) y Cristina Sampere (directora proyectos culturales Fundaci\u00f3n Setba) ha seleccionado 20 obras, de las cuales 3 han sido premiadas con un curso de arteter\u00e1pia, material de Bellas Artes para el artista, gentileza de Jaurena ART, y una compensaci\u00f3n econ\u00f3mica para\u00a0 la asociaci\u00f3n a la que pertenece.<\/p>\n<p>Los artistas premiados del certamen EL BALC\u00d3N DE LAS ARTES 2014 son:<\/p>\n<ul>\n<li>1r premio, <strong>Carles Ab\u00e0s<\/strong> del C. O. les Corts, por la obra \u02bbManifestaci\u00f3 de gallines\u02bc<\/li>\n<\/ul>\n<ul>\n<li>2o premio, <strong>Javier Cuellar<\/strong> del Taller Jeroni de Moragas, con la pieza \u02bbCasa Campera\u02bc<\/li>\n<\/ul>\n<ul>\n<li>3r premio, <strong>Saida Elizalde<\/strong> de COINTEGRA, por la obra \u02bbDiferentes profundidades del mar\u02bc<\/li>\n<\/ul>\n<table>\n<tbody>\n<tr>\n<td><img loading=\"lazy\" decoding=\"async\" class=\"aligncenter wp-image-1636\" src=\"https:\/\/fundaciosetba.org\/wp-content\/uploads\/2015\/04\/1.-Carles-Ab%C3%A0s-Manifestaci%C3%B3-de-gallines.jpg\" alt=\"1. Carles Ab\u00e0s - Manifestaci\u00f3 de gallines\" width=\"183\" height=\"235\" \/><\/td>\n<td><img loading=\"lazy\" decoding=\"async\" class=\"aligncenter wp-image-1640\" src=\"https:\/\/fundaciosetba.org\/wp-content\/uploads\/2021\/12\/2.-Javier-Cuellar-Casa-campera.jpg\" alt='2. Javier Cuellar - Casa campera' width=\"183\" height=\"235\" \/><\/td>\n<td><img loading=\"lazy\" decoding=\"async\" class=\"aligncenter wp-image-1644\" src=\"https:\/\/fundaciosetba.org\/wp-content\/uploads\/2021\/12\/3.-Saida-Elizalde-Diferentes-profundidades-del-mar.jpg\" alt='3. Saida Elizalde - Diferentes profundidades del mar' width=\"183\" height=\"235\" \/><\/td>\n<\/tr>\n<tr>\n<td><strong>\u2018Manifestaci\u00f3 de galliness\u2019<\/strong><strong>de Carles Ab\u00e0s<\/strong><\/td>\n<td><strong>\u2018Casa campera<\/strong><strong>\u2019<\/strong><strong>de Javier Cuellar<\/strong><\/td>\n<td><strong>\u2018Diferentes profundidades del mar\u2019<\/strong><strong>de Saida Elizalde<\/strong><\/td>\n<\/tr>\n<\/tbody>\n<\/table>\n<p>&nbsp;<\/p>\n<p>Como cada a\u00f1o, la edici\u00f3n de 2014 tambi\u00e9n tendr\u00e1 un <strong>calendario solidario<\/strong> y los beneficios ser\u00e1n para las entidades de los finalistas y para la pr\u00f3xima edici\u00f3n del certamen.<\/p>\n<p>Las entidades que han participado en el certamen son: Aspanin, Atendis, Caviga, Cipo, Cointegra, Centre Ocupacional Les Corts, acidH Escola Vida Montserrat, Centre Ocupacional Bogatell, Centre Ocupacional Verge de l&#8217;Alegria, Fundaci\u00f3 Asproseat Centre Ocupacional la Marina, Fundaci\u00f3 Catalana S\u00edndrome de Down (FCSD), Fundaci\u00f3 Privada Finestrelles, Fundaci\u00f3 Privada Artes\u00e0, Fundaci\u00f3 Privada Atendis, Fundaci\u00f3 Privada \u00c0uria, Fundaci\u00f3 Privada Auxilia, Fundaci\u00f3 Privada Proa, Fundaci\u00f3 Prodis, Fundaci\u00f3 Teas, Fundaci\u00f3 Privada Gaspar de Portol\u00e0, Fundaci\u00f3 Catal\u00f2nia, Taller Jeroni de Moragas, Taller Sant Jordi, TEB Barceloneta, Centre Riudeperes &#8211; Associaci\u00f3 Sant Tom\u00e0s, Sto-Soi Sant Guillem Gr\u00e0cia.<\/p>\n<p>&nbsp;<\/p>\n","protected":false},"excerpt":{"rendered":"<p>El Real C\u00edrculo Art\u00edstico acoge, un a\u00f1o m\u00e1s, la exposici\u00f3n de las obras finalistas de este certamen de pintura para personas con discapacidad intelectual y del desarrollo.<\/p>\n","protected":false},"author":1,"featured_media":0,"comment_status":"closed","ping_status":"closed","sticky":false,"template":"","format":"standard","meta":{"footnotes":""},"categories":[1090],"tags":[],"class_list":["post-28021","post","type-post","status-publish","format-standard","hentry","category-noticias"],"_links":{"self":[{"href":"https:\/\/fundaciosetba.org\/es\/wp-json\/wp\/v2\/posts\/28021","targetHints":{"allow":["GET"]}}],"collection":[{"href":"https:\/\/fundaciosetba.org\/es\/wp-json\/wp\/v2\/posts"}],"about":[{"href":"https:\/\/fundaciosetba.org\/es\/wp-json\/wp\/v2\/types\/post"}],"author":[{"embeddable":true,"href":"https:\/\/fundaciosetba.org\/es\/wp-json\/wp\/v2\/users\/1"}],"replies":[{"embeddable":true,"href":"https:\/\/fundaciosetba.org\/es\/wp-json\/wp\/v2\/comments?post=28021"}],"version-history":[{"count":1,"href":"https:\/\/fundaciosetba.org\/es\/wp-json\/wp\/v2\/posts\/28021\/revisions"}],"predecessor-version":[{"id":31160,"href":"https:\/\/fundaciosetba.org\/es\/wp-json\/wp\/v2\/posts\/28021\/revisions\/31160"}],"wp:attachment":[{"href":"https:\/\/fundaciosetba.org\/es\/wp-json\/wp\/v2\/media?parent=28021"}],"wp:term":[{"taxonomy":"category","embeddable":true,"href":"https:\/\/fundaciosetba.org\/es\/wp-json\/wp\/v2\/categories?post=28021"},{"taxonomy":"post_tag","embeddable":true,"href":"https:\/\/fundaciosetba.org\/es\/wp-json\/wp\/v2\/tags?post=28021"}],"curies":[{"name":"wp","href":"https:\/\/api.w.org\/{rel}","templated":true}]}}