{"id":28036,"date":"2015-05-27T00:00:00","date_gmt":"2015-05-26T23:00:00","guid":{"rendered":"https:\/\/fundaciosetba.org\/cuando-te-pierdas-en-el-bosque\/"},"modified":"2022-04-12T09:14:12","modified_gmt":"2022-04-12T08:14:12","slug":"cuando-te-pierdas-en-el-bosque","status":"publish","type":"post","link":"https:\/\/fundaciosetba.org\/es\/cuando-te-pierdas-en-el-bosque\/","title":{"rendered":"Cuando te pierdas en el bosque&#8230;"},"content":{"rendered":"<h2>Cuando te pierdas en el bosque&#8230;<\/h2>\n<h4>Del 16 de abril al 6 de junio de 2015<\/h4>\n<p>&nbsp;<\/p>\n<p><strong>La Fundaci\u00f3n Setba colabora con la Fundaci\u00f3n Pasqual Maragall en esta muestra de Roser Oduber, que habla sobre el olvido y la p\u00e9rdida de la memoria.<\/strong><\/p>\n<p><em>Cuando te pierdas en el bosque<\/em><em>&#8230;\u00a0<\/em>es una exposici\u00f3n individual de la artista Roser Oduber, una reflexi\u00f3n sobre el olvido y la memoria.<\/p>\n<p>El t\u00edtulo tiene su origen en una experiencia personal de la artista y la respuesta que le dio su m\u00e9dico de cabecera cuando ella le pregunt\u00f3 c\u00f3mo pod\u00eda saber si ten\u00eda Alzheimer ante ciertos episodios que hab\u00eda sufrido de peque\u00f1os lapsus de memoria. La respuesta fue:<em> cuando te pierdas el bosque, te har\u00e9 las pruebas.<\/em><\/p>\n<p>Esta frase, dirigida a una persona que hace m\u00e1s de veinte a\u00f1os que vive en el bosque, fue el detonante para la reflexi\u00f3n posterior de Oduber y la plasmaci\u00f3n pl\u00e1stica de este desasosiego.<\/p>\n<p>La artista ley\u00f3 entonces los estudios realizados por el profesor de neurociencia John O&#8217;Keefe y el matrimonio noruego formado por May Britt Moser y Edvard I. Moser, condecorados con el Nobel de Medicina en 2014 por sus descubrimientos de c\u00e9lulas que constituyen un sistema de posicionamiento en el cerebro. La carrera de los tres cient\u00edficos ha sido centrada en la investigaci\u00f3n del cerebro y les ha permitido el descubrimiento del &#8220;GPS&#8221; interno que posibilita la orientaci\u00f3n en el espacio.<\/p>\n<p><strong>Roser Oduber hace una serie de reflexiones como artista que pueden servir a otras personas para visualizar el olvido y la p\u00e9rdida de la memoria. <\/strong>Una imagen vale m\u00e1s que mil palabras y las obras de este proyecto expositivo se expresan por s\u00ed mismas.<\/p>\n<p>&nbsp;<\/p>\n<p>La exposici\u00f3n est\u00e1 organizada en tres \u00e1reas: CAMINOS, REDES y GRETEL.<\/p>\n<p><img loading=\"lazy\" decoding=\"async\" class=\"aligncenter size-full wp-image-1562\" src=\"https:\/\/fundaciosetba.org\/wp-content\/uploads\/2021\/12\/1.jpg\" alt='1' width=\"713\" height=\"300\" \/><\/p>\n<p><span style=\"text-decoration: underline;\">LA ARTISTA<\/span><\/p>\n<p>Roser Oduber es una artista de reconocido prestigio y larga trayectoria profesional. Sus obras est\u00e1n en importantes colecciones como la Colecci\u00f3n Testimonio de La Caixa, la Fundaci\u00f3n Vila Casas, la Obra Cultural de Caja Madrid, as\u00ed como varias colecciones privadas. Sus creaciones tienen una doble vertiente: por un lado, una figuraci\u00f3n caracterizada por su virtuosismo como dibujante y por otro lado, un informalismo mat\u00e9rico de formas sencillas y tot\u00e9micas. Son obras enraizadas a la tierra que hablan del amor del artista por la naturaleza.<\/p>\n<p>\u00daltimamente ha sido protagonista de un cap\u00edtulo del programa televisivo BLANCO SOBRE BLANCO emitido en TV3 y dedicado a creadores pl\u00e1sticos contempor\u00e1neos.<\/p>\n<p><iframe loading=\"lazy\" src=\"http:\/\/www.ccma.cat\/video\/embed\/5424293\" width=\"650px\" height=\"364px\" frameborder=\"0\" scrolling=\"no\" allowfullscreen=\"allowfullscreen\"><\/iframe><\/p>\n<p>Oduber vive y trabaja desde hace a\u00f1os en un antiguo horno de cal en medio del bosque en Calders (Barcelona), y es la directora de\u00a0<a href=\"http:\/\/www.cacis.cat\/\" target=\"_blank\" rel=\"noopener\">CACiS<\/a>, Centro de Arte Contempor\u00e1neo y Sostenibilidad, que orienta sus esfuerzos a la creaci\u00f3n y difusi\u00f3n de los nuevos lenguajes del arte contempor\u00e1neo, la naturaleza y la sostenibilidad con intervenciones sobre el paisaje, estancias de artistas y formaci\u00f3n especializada.<\/p>\n<p><a href=\"http:\/\/fpmaragall.org\/ca\/\"><img loading=\"lazy\" decoding=\"async\" class=\" wp-image-593 size-medium alignleft\" src=\"https:\/\/fundaciosetba.org\/wp-content\/uploads\/2021\/12\/logo-CAT-color-300x180.jpg\" alt='logo CAT color' width=\"300\" height=\"180\" \/><\/a><\/p>\n<p><a href=\"http:\/\/esp.fundaciosetba.org\/litografia-solidaria--xidc-1291\" target=\"_blank\" rel=\"noopener\">COLABORACI\u00d3N CON LA FUNDACI\u00d3N PASQUAL MARAGALL<\/a><\/p>\n<p>&nbsp;<\/p>\n<p>La Fundaci\u00f3n Setba colabora con la Fundaci\u00f3n Pasqual Maragall editando una serie limitada de obra gr\u00e1fica, los beneficios de cuya venta se destinar\u00e1n \u00edntegramente a la Fundaci\u00f3n Pasqual Maragall.<\/p>\n<p>&nbsp;<\/p>\n<p><a title=\"Quan et perdis al bosc\" href=\"https:\/\/www.flickr.com\/photos\/fundaciosetba\/albums\/72157655629511626\" data-flickr-embed=\"true\"><img loading=\"lazy\" decoding=\"async\" src=\"https:\/\/fundaciosetba.org\/wp-content\/uploads\/2021\/12\/19386442978_c4cac499da_z.jpg\" alt='Quan et perdis al bosc' width=\"640\" height=\"320\" \/><\/a><script src=\"\/\/embedr.flickr.com\/assets\/client-code.js\" async=\"\" charset=\"utf-8\"><\/script><\/p>\n","protected":false},"excerpt":{"rendered":"<p>La Fundaci\u00f3n Setba colabora con la Fundaci\u00f3n Pasqual Maragall en esta muestra de Roser Oduber, que habla sobre el olvido y la p\u00e9rdida de la memoria.<\/p>\n","protected":false},"author":1,"featured_media":27406,"comment_status":"closed","ping_status":"closed","sticky":false,"template":"","format":"standard","meta":{"footnotes":""},"categories":[1090],"tags":[1255],"class_list":["post-28036","post","type-post","status-publish","format-standard","has-post-thumbnail","hentry","category-noticias","tag-quanetperdisalbosc-es-2"],"_links":{"self":[{"href":"https:\/\/fundaciosetba.org\/es\/wp-json\/wp\/v2\/posts\/28036","targetHints":{"allow":["GET"]}}],"collection":[{"href":"https:\/\/fundaciosetba.org\/es\/wp-json\/wp\/v2\/posts"}],"about":[{"href":"https:\/\/fundaciosetba.org\/es\/wp-json\/wp\/v2\/types\/post"}],"author":[{"embeddable":true,"href":"https:\/\/fundaciosetba.org\/es\/wp-json\/wp\/v2\/users\/1"}],"replies":[{"embeddable":true,"href":"https:\/\/fundaciosetba.org\/es\/wp-json\/wp\/v2\/comments?post=28036"}],"version-history":[{"count":1,"href":"https:\/\/fundaciosetba.org\/es\/wp-json\/wp\/v2\/posts\/28036\/revisions"}],"predecessor-version":[{"id":31059,"href":"https:\/\/fundaciosetba.org\/es\/wp-json\/wp\/v2\/posts\/28036\/revisions\/31059"}],"wp:featuredmedia":[{"embeddable":true,"href":"https:\/\/fundaciosetba.org\/es\/wp-json\/wp\/v2\/media\/27406"}],"wp:attachment":[{"href":"https:\/\/fundaciosetba.org\/es\/wp-json\/wp\/v2\/media?parent=28036"}],"wp:term":[{"taxonomy":"category","embeddable":true,"href":"https:\/\/fundaciosetba.org\/es\/wp-json\/wp\/v2\/categories?post=28036"},{"taxonomy":"post_tag","embeddable":true,"href":"https:\/\/fundaciosetba.org\/es\/wp-json\/wp\/v2\/tags?post=28036"}],"curies":[{"name":"wp","href":"https:\/\/api.w.org\/{rel}","templated":true}]}}