{"id":28160,"date":"2015-05-25T00:00:00","date_gmt":"2015-05-24T23:00:00","guid":{"rendered":"https:\/\/fundaciosetba.org\/visita-guiada-con-pep-camps\/"},"modified":"2022-04-12T09:02:10","modified_gmt":"2022-04-12T08:02:10","slug":"visita-guiada-con-pep-camps","status":"publish","type":"post","link":"https:\/\/fundaciosetba.org\/es\/visita-guiada-con-pep-camps\/","title":{"rendered":"Visita Guiada con Pep Camps"},"content":{"rendered":"<h2>Visita Guiada con Pep Camps<\/h2>\n<p><strong>Visita realizada por el artista Pep Camps a la exposici\u00f3n &#8216;La memoria de la Plaza&#8217;, ruta art\u00edstica por los locales de la Plaza Real y consumici\u00f3n.<\/strong><\/p>\n<p><img decoding=\"async\" src=\"https:\/\/fundaciosetba.org\/wp-content\/uploads\/2021\/12\/Pep-Camps_Tres-eixos-1.jpg\" alt='Pep Camps_Tres eixos (1)' \/><\/p>\n<p>El s\u00e1bado 1 de diciembre a las 11h, el artista Pep Camps, que representa en 2010 a la exposici\u00f3n\u00a0<a target=\"_blank\" rel=\"noopener\">La memoria de la Plaza<\/a>, realitzar\u00e0 una visita guiada a la muestra, a trav\u00e9s de sus obras, todas ellas elaboradas partiendo de planos antiguos del centro de Barcelona y de la Plaza Real. La visita se complementar\u00e1 con la\u00a0<a target=\"_blank\" rel=\"noopener\">ruta art\u00edstica<\/a> por los locales de la Plaza Real que exponen, estos meses, obras del fondo de arte de la Fundaci\u00f3n Setba y se concluir\u00e1 con una consumici\u00f3n.<\/p>\n<p><strong>Pep Camps\u00a0<\/strong>es un escultor y pintor muy vinculado a la galer\u00eda. Ha expuesto en Setba en varias ocasiones y de forma individual en 2010 con\u00a0<a target=\"_blank\" rel=\"noopener\">Anatom\u00eda de un asesinato<\/a>, una den\u00fancia personal contra la viol\u00e8ncia de g\u00e9nero y dom\u00e9stica, la pena de muerte, el terrorismo, el sufrimiento&#8230;<\/p>\n<p><em>La Plaza Real es el \u00e1gora de la vida m\u00e1s turbia de la ciudad.<\/em> Esta es una de las citas que se esconden en las obras que Pep Camps ha realizado para la muestra. Cinco piezas realizadas a partir de planos antiguos de la ciudad y de la Plaza Real, que nos hablan de la desamortizaci\u00f3n de Mendiz\u00e1bal, de la quema de conventos de 1835, de los muertos por el c\u00f3lera, de invasiones&#8230; Y tambi\u00e9n de Eufrosine, Aglae y Tal\u00eda, las tres gracias que adornan la fuente de la Plaza, que son las protectoras de las artes y que para Pep Camps representan los verdaderos puntos cardinales.<\/p>\n","protected":false},"excerpt":{"rendered":"<p>Visita realizada por el artista Pep Camps a la exposici\u00f3n &#8216;La memoria de la Plaza&#8217;, ruta art\u00edstica por los locales de la Plaza Real y consumici\u00f3n.<\/p>\n","protected":false},"author":1,"featured_media":28157,"comment_status":"closed","ping_status":"closed","sticky":false,"template":"","format":"standard","meta":{"footnotes":""},"categories":[1090],"tags":[1287],"class_list":["post-28160","post","type-post","status-publish","format-standard","has-post-thumbnail","hentry","category-noticias","tag-memoria-es-2"],"_links":{"self":[{"href":"https:\/\/fundaciosetba.org\/es\/wp-json\/wp\/v2\/posts\/28160","targetHints":{"allow":["GET"]}}],"collection":[{"href":"https:\/\/fundaciosetba.org\/es\/wp-json\/wp\/v2\/posts"}],"about":[{"href":"https:\/\/fundaciosetba.org\/es\/wp-json\/wp\/v2\/types\/post"}],"author":[{"embeddable":true,"href":"https:\/\/fundaciosetba.org\/es\/wp-json\/wp\/v2\/users\/1"}],"replies":[{"embeddable":true,"href":"https:\/\/fundaciosetba.org\/es\/wp-json\/wp\/v2\/comments?post=28160"}],"version-history":[{"count":1,"href":"https:\/\/fundaciosetba.org\/es\/wp-json\/wp\/v2\/posts\/28160\/revisions"}],"predecessor-version":[{"id":31043,"href":"https:\/\/fundaciosetba.org\/es\/wp-json\/wp\/v2\/posts\/28160\/revisions\/31043"}],"wp:featuredmedia":[{"embeddable":true,"href":"https:\/\/fundaciosetba.org\/es\/wp-json\/wp\/v2\/media\/28157"}],"wp:attachment":[{"href":"https:\/\/fundaciosetba.org\/es\/wp-json\/wp\/v2\/media?parent=28160"}],"wp:term":[{"taxonomy":"category","embeddable":true,"href":"https:\/\/fundaciosetba.org\/es\/wp-json\/wp\/v2\/categories?post=28160"},{"taxonomy":"post_tag","embeddable":true,"href":"https:\/\/fundaciosetba.org\/es\/wp-json\/wp\/v2\/tags?post=28160"}],"curies":[{"name":"wp","href":"https:\/\/api.w.org\/{rel}","templated":true}]}}