{"id":28161,"date":"2015-05-25T00:00:00","date_gmt":"2015-05-24T23:00:00","guid":{"rendered":"https:\/\/fundaciosetba.org\/repor-la-memoria-historica-de-la-plaza-real\/"},"modified":"2022-04-12T09:27:58","modified_gmt":"2022-04-12T08:27:58","slug":"repor-la-memoria-historica-de-la-plaza-real","status":"publish","type":"post","link":"https:\/\/fundaciosetba.org\/es\/repor-la-memoria-historica-de-la-plaza-real\/","title":{"rendered":"Repor &#8216;La memoria hist\u00f3rica de la Plaza Real&#8217;"},"content":{"rendered":"<h2>Repor &#8216;La memoria hist\u00f3rica de la Plaza Real&#8217;<\/h2>\n<p><strong>Reportaje del encuentro con la gente mayor del G\u00f3tico para recordar la Plaza Real de anta\u00f1o.<\/strong><\/p>\n<p>&nbsp;<\/p>\n<p>Presentaci\u00f3n del reportaje grabado a partir del <a href=\"http:\/\/esp.fundaciosetba.org\/la-memoria-historica-de-la-plaza-real-xidc-440\" target=\"_blank\" rel=\"noopener\">encuentro<\/a>\u00a0que tuvo lugar el pasado mes de diciembre en el Centro C\u00edvico Pati Llimonba, en la que la gente mayor del barrio G\u00f3tico comparti\u00f3 el recuerdo de su infancia y juventud sobre este espacio tan emblem\u00e1tico de la Ciudad de Barcelona: La Plaza Real.<\/p>\n<p><img decoding=\"async\" src=\"https:\/\/fundaciosetba.org\/wp-content\/uploads\/2015\/05\/PRESENTACI%C3%93-REPORTATGE-La-mem%C3%B2ria-hist%C3%B2rica-de-la-Pla%C3%A7a-Reial.jpg\" alt=\"PRESENTACI\u00d3 REPORTATGE La mem\u00f2ria hist\u00f2rica de la Pla\u00e7a Reial\" \/><\/p>\n<p>\u00a1Echa un vistazo\u00a0al trailer del reportaje!<\/p>\n<p><iframe loading=\"lazy\" src=\"https:\/\/www.youtube.com\/embed\/m6bgBdNGgRw\" width=\"560\" height=\"315\" frameborder=\"0\" allowfullscreen=\"allowfullscreen\"><\/iframe><\/p>\n","protected":false},"excerpt":{"rendered":"<p>Reportaje del encuentro con la gente mayor del G\u00f3tico para recordar la Plaza Real de anta\u00f1o.<\/p>\n","protected":false},"author":1,"featured_media":0,"comment_status":"closed","ping_status":"closed","sticky":false,"template":"","format":"standard","meta":{"footnotes":""},"categories":[1090],"tags":[1287],"class_list":["post-28161","post","type-post","status-publish","format-standard","hentry","category-noticias","tag-memoria-es-2"],"_links":{"self":[{"href":"https:\/\/fundaciosetba.org\/es\/wp-json\/wp\/v2\/posts\/28161","targetHints":{"allow":["GET"]}}],"collection":[{"href":"https:\/\/fundaciosetba.org\/es\/wp-json\/wp\/v2\/posts"}],"about":[{"href":"https:\/\/fundaciosetba.org\/es\/wp-json\/wp\/v2\/types\/post"}],"author":[{"embeddable":true,"href":"https:\/\/fundaciosetba.org\/es\/wp-json\/wp\/v2\/users\/1"}],"replies":[{"embeddable":true,"href":"https:\/\/fundaciosetba.org\/es\/wp-json\/wp\/v2\/comments?post=28161"}],"version-history":[{"count":1,"href":"https:\/\/fundaciosetba.org\/es\/wp-json\/wp\/v2\/posts\/28161\/revisions"}],"predecessor-version":[{"id":31127,"href":"https:\/\/fundaciosetba.org\/es\/wp-json\/wp\/v2\/posts\/28161\/revisions\/31127"}],"wp:attachment":[{"href":"https:\/\/fundaciosetba.org\/es\/wp-json\/wp\/v2\/media?parent=28161"}],"wp:term":[{"taxonomy":"category","embeddable":true,"href":"https:\/\/fundaciosetba.org\/es\/wp-json\/wp\/v2\/categories?post=28161"},{"taxonomy":"post_tag","embeddable":true,"href":"https:\/\/fundaciosetba.org\/es\/wp-json\/wp\/v2\/tags?post=28161"}],"curies":[{"name":"wp","href":"https:\/\/api.w.org\/{rel}","templated":true}]}}