{"id":28165,"date":"2015-05-25T00:00:00","date_gmt":"2015-05-24T23:00:00","guid":{"rendered":"https:\/\/fundaciosetba.org\/conferencia-muestra-de-tocados-slow\/"},"modified":"2022-04-12T09:02:30","modified_gmt":"2022-04-12T08:02:30","slug":"conferencia-muestra-de-tocados-slow","status":"publish","type":"post","link":"https:\/\/fundaciosetba.org\/es\/conferencia-muestra-de-tocados-slow\/","title":{"rendered":"Conferencia + muestra de tocados slow"},"content":{"rendered":"<h2>Conferencia + muestra de tocados slow<\/h2>\n<p><strong>Confer\u00e8ncia &#8216;Movimiento Slow: \u00bfOpci\u00f3n o necesidad?&#8217; e inauguraci\u00f3n &#8216;Tocats de l&#8217;ala&#8217;<\/strong><\/p>\n<p>&nbsp;<\/p>\n<p>El jueves 7 de febrero a las 19h y en el marco de la muestra <a href=\"http:\/\/esp.fundaciosetba.org\/el-rostro-de-los-olivos-xidc-445\" target=\"_blank\" rel=\"noopener\">El rostro de los olivos<\/a> la Fundaci\u00f3n Setba acoger\u00e1 la conferencia &#8216;Movimiento Slow: opci\u00f3n o necesidad?&#8217; a cargo de Imma Tortajada &#8211;<a href=\"http:\/\/www.slowbcn.com\/\" target=\"_blank\" rel=\"noopener\"> www.slowbcn.com<\/a><\/p>\n<p>&nbsp;<\/p>\n<p>Y el mismo d\u00eda a las 20h se inaugurar\u00e1 una muestra de tocados del artista textil Teresa Sil, que lleva por nombre &#8216;Tocados del Ala&#8217;. Todos ellos piezas \u00fanicas hechas 100% slow y con fibras naturales. La colecci\u00f3n est\u00e1 hecha ex profeso para esta muestra y se expondr\u00e1 sobre cepas de olivo que tumbar\u00e1n sobre un lienzo de hojas de esta mismo \u00e1rbol. Se podr\u00e1 visitar hasta el 22 de febrero.<\/p>\n<p><img decoding=\"async\" src=\"https:\/\/fundaciosetba.org\/wp-content\/uploads\/2021\/12\/FLYER-Conferencia-Mostra-de-tocats.jpg\" alt='FLYER Conferencia + Mostra de tocats' \/><\/p>\n","protected":false},"excerpt":{"rendered":"<p>Confer\u00e8ncia &#8216;Movimiento Slow: \u00bfOpci\u00f3n o necesidad?&#8217; e inauguraci\u00f3n &#8216;Tocats de l&#8217;ala&#8217;<\/p>\n","protected":false},"author":1,"featured_media":28162,"comment_status":"closed","ping_status":"closed","sticky":false,"template":"","format":"standard","meta":{"footnotes":""},"categories":[1090],"tags":[1259],"class_list":["post-28165","post","type-post","status-publish","format-standard","has-post-thumbnail","hentry","category-noticias","tag-oliveres-es-2"],"_links":{"self":[{"href":"https:\/\/fundaciosetba.org\/es\/wp-json\/wp\/v2\/posts\/28165","targetHints":{"allow":["GET"]}}],"collection":[{"href":"https:\/\/fundaciosetba.org\/es\/wp-json\/wp\/v2\/posts"}],"about":[{"href":"https:\/\/fundaciosetba.org\/es\/wp-json\/wp\/v2\/types\/post"}],"author":[{"embeddable":true,"href":"https:\/\/fundaciosetba.org\/es\/wp-json\/wp\/v2\/users\/1"}],"replies":[{"embeddable":true,"href":"https:\/\/fundaciosetba.org\/es\/wp-json\/wp\/v2\/comments?post=28165"}],"version-history":[{"count":1,"href":"https:\/\/fundaciosetba.org\/es\/wp-json\/wp\/v2\/posts\/28165\/revisions"}],"predecessor-version":[{"id":31007,"href":"https:\/\/fundaciosetba.org\/es\/wp-json\/wp\/v2\/posts\/28165\/revisions\/31007"}],"wp:featuredmedia":[{"embeddable":true,"href":"https:\/\/fundaciosetba.org\/es\/wp-json\/wp\/v2\/media\/28162"}],"wp:attachment":[{"href":"https:\/\/fundaciosetba.org\/es\/wp-json\/wp\/v2\/media?parent=28165"}],"wp:term":[{"taxonomy":"category","embeddable":true,"href":"https:\/\/fundaciosetba.org\/es\/wp-json\/wp\/v2\/categories?post=28165"},{"taxonomy":"post_tag","embeddable":true,"href":"https:\/\/fundaciosetba.org\/es\/wp-json\/wp\/v2\/tags?post=28165"}],"curies":[{"name":"wp","href":"https:\/\/api.w.org\/{rel}","templated":true}]}}