{"id":28170,"date":"2015-05-25T00:00:00","date_gmt":"2015-05-24T23:00:00","guid":{"rendered":"https:\/\/fundaciosetba.org\/la-memoria-historica-de-la-plaza-real\/"},"modified":"2022-04-12T09:28:17","modified_gmt":"2022-04-12T08:28:17","slug":"la-memoria-historica-de-la-plaza-real","status":"publish","type":"post","link":"https:\/\/fundaciosetba.org\/es\/la-memoria-historica-de-la-plaza-real\/","title":{"rendered":"La memoria hist\u00f3rica de la Plaza Real"},"content":{"rendered":"<h2>La memoria hist\u00f3rica de la Plaza Real<\/h2>\n<p><strong>El Casal de gent gran Pati Llimona acoger\u00e1 la segunda proyecci\u00f3n del reportaje elaborado a partir del encuentro con la gente mayor del barrio para recuperar la memoria hist\u00f3rica de la Plaza Real.<\/strong><\/p>\n<p>&nbsp;<\/p>\n<p>Despu\u00e9s del \u00e9xito del primera proyecci\u00f3n, el pr\u00f3ximo <strong>19 de marzo a las 17:30h<\/strong>\u00a0(media hora antes de lo que se havia programado) se har\u00e1 la segunda presentaci\u00f3n del reportaje grabado a partir del <a href=\"http:\/\/esp.fundaciosetba.org\/la-memoria-historica-de-la-plaza-real-xidc-440\" target=\"_blank\" rel=\"noopener\">encuentro<\/a>\u00a0que tuvo lugar el pasado mes de diciembre en el Centro C\u00edvico Pati Llimonba, en la que la gente mayor del barrio G\u00f3tico comparti\u00f3 el recuerdo de su infancia y juventud sobre este espacio tan emblem\u00e1tico de la Ciudad de Barcelona: La Plaza Real. La proyecci\u00f3n se har\u00e1 en la 1\u00aa planta del Casal de gent gran Pati Llimona (C\/Correu Vell, 5) y est\u00e1 abierta a todo el mundo.<\/p>\n<p><img decoding=\"async\" src=\"https:\/\/fundaciosetba.org\/wp-content\/uploads\/2015\/05\/II-PROJECCI%C3%93-REPORTATGE-La-mem%C3%B2ria-hist%C3%B2rica-de-la-Pla%C3%A7a-Reial.jpg\" alt=\"II PROJECCI\u00d3 REPORTATGE La mem\u00f2ria hist\u00f2rica de la Pla\u00e7a Reial\" \/><\/p>\n<p>\u00a1Echa un vistazo\u00a0al trailer del reportaje!<\/p>\n<p><iframe loading=\"lazy\" src=\"https:\/\/www.youtube.com\/embed\/m6bgBdNGgRw\" width=\"560\" height=\"315\" frameborder=\"0\" allowfullscreen=\"allowfullscreen\"><\/iframe><\/p>\n","protected":false},"excerpt":{"rendered":"<p>El Casal de gent gran Pati Llimona acoger\u00e1 la segunda proyecci\u00f3n del reportaje elaborado a partir del encuentro con la gente mayor del barrio para recuperar la memoria hist\u00f3rica de la Plaza Real.<\/p>\n","protected":false},"author":1,"featured_media":0,"comment_status":"closed","ping_status":"closed","sticky":false,"template":"","format":"standard","meta":{"footnotes":""},"categories":[1090],"tags":[1287],"class_list":["post-28170","post","type-post","status-publish","format-standard","hentry","category-noticias","tag-memoria-es-2"],"_links":{"self":[{"href":"https:\/\/fundaciosetba.org\/es\/wp-json\/wp\/v2\/posts\/28170","targetHints":{"allow":["GET"]}}],"collection":[{"href":"https:\/\/fundaciosetba.org\/es\/wp-json\/wp\/v2\/posts"}],"about":[{"href":"https:\/\/fundaciosetba.org\/es\/wp-json\/wp\/v2\/types\/post"}],"author":[{"embeddable":true,"href":"https:\/\/fundaciosetba.org\/es\/wp-json\/wp\/v2\/users\/1"}],"replies":[{"embeddable":true,"href":"https:\/\/fundaciosetba.org\/es\/wp-json\/wp\/v2\/comments?post=28170"}],"version-history":[{"count":1,"href":"https:\/\/fundaciosetba.org\/es\/wp-json\/wp\/v2\/posts\/28170\/revisions"}],"predecessor-version":[{"id":31130,"href":"https:\/\/fundaciosetba.org\/es\/wp-json\/wp\/v2\/posts\/28170\/revisions\/31130"}],"wp:attachment":[{"href":"https:\/\/fundaciosetba.org\/es\/wp-json\/wp\/v2\/media?parent=28170"}],"wp:term":[{"taxonomy":"category","embeddable":true,"href":"https:\/\/fundaciosetba.org\/es\/wp-json\/wp\/v2\/categories?post=28170"},{"taxonomy":"post_tag","embeddable":true,"href":"https:\/\/fundaciosetba.org\/es\/wp-json\/wp\/v2\/tags?post=28170"}],"curies":[{"name":"wp","href":"https:\/\/api.w.org\/{rel}","templated":true}]}}