{"id":28175,"date":"2015-05-25T00:00:00","date_gmt":"2015-05-24T23:00:00","guid":{"rendered":"https:\/\/fundaciosetba.org\/sant-jordi-2013-2\/"},"modified":"2022-04-12T09:03:18","modified_gmt":"2022-04-12T08:03:18","slug":"sant-jordi-2013-2","status":"publish","type":"post","link":"https:\/\/fundaciosetba.org\/es\/sant-jordi-2013-2\/","title":{"rendered":"Sant Jordi 2013"},"content":{"rendered":"<h2>Sant Jordi 2013<\/h2>\n<p><strong>Este mes de abril la Fundaci\u00f3n Setba estar\u00e1 en Arts Libris y rendir\u00e1 homenaje al poeta J. V. Foix en una doble exposici\u00f3n; con la colaboraci\u00f3n, por un lado de Po\u00e9tica C\u00f3dex y por el otro de Susoespai.<\/strong><\/p>\n<p><img decoding=\"async\" src=\"https:\/\/fundaciosetba.org\/wp-content\/uploads\/2021\/12\/FLYER-Arts-Libris-Homenatge-a-Foix-2013.jpg\" alt='FLYER Arts Libris + Homenatge a Foix 2013' \/><\/p>\n","protected":false},"excerpt":{"rendered":"<p>Este mes de abril la Fundaci\u00f3n Setba estar\u00e1 en Arts Libris y rendir\u00e1 homenaje al poeta J. V. Foix en una doble exposici\u00f3n; con la colaboraci\u00f3n, por un lado de Po\u00e9tica C\u00f3dex y por el otro de Susoespai.<\/p>\n","protected":false},"author":1,"featured_media":28172,"comment_status":"closed","ping_status":"closed","sticky":false,"template":"","format":"standard","meta":{"footnotes":""},"categories":[1090],"tags":[],"class_list":["post-28175","post","type-post","status-publish","format-standard","has-post-thumbnail","hentry","category-noticias"],"_links":{"self":[{"href":"https:\/\/fundaciosetba.org\/es\/wp-json\/wp\/v2\/posts\/28175","targetHints":{"allow":["GET"]}}],"collection":[{"href":"https:\/\/fundaciosetba.org\/es\/wp-json\/wp\/v2\/posts"}],"about":[{"href":"https:\/\/fundaciosetba.org\/es\/wp-json\/wp\/v2\/types\/post"}],"author":[{"embeddable":true,"href":"https:\/\/fundaciosetba.org\/es\/wp-json\/wp\/v2\/users\/1"}],"replies":[{"embeddable":true,"href":"https:\/\/fundaciosetba.org\/es\/wp-json\/wp\/v2\/comments?post=28175"}],"version-history":[{"count":1,"href":"https:\/\/fundaciosetba.org\/es\/wp-json\/wp\/v2\/posts\/28175\/revisions"}],"predecessor-version":[{"id":31013,"href":"https:\/\/fundaciosetba.org\/es\/wp-json\/wp\/v2\/posts\/28175\/revisions\/31013"}],"wp:featuredmedia":[{"embeddable":true,"href":"https:\/\/fundaciosetba.org\/es\/wp-json\/wp\/v2\/media\/28172"}],"wp:attachment":[{"href":"https:\/\/fundaciosetba.org\/es\/wp-json\/wp\/v2\/media?parent=28175"}],"wp:term":[{"taxonomy":"category","embeddable":true,"href":"https:\/\/fundaciosetba.org\/es\/wp-json\/wp\/v2\/categories?post=28175"},{"taxonomy":"post_tag","embeddable":true,"href":"https:\/\/fundaciosetba.org\/es\/wp-json\/wp\/v2\/tags?post=28175"}],"curies":[{"name":"wp","href":"https:\/\/api.w.org\/{rel}","templated":true}]}}