{"id":28182,"date":"2015-05-25T00:00:00","date_gmt":"2015-05-24T23:00:00","guid":{"rendered":"https:\/\/fundaciosetba.org\/arts-libris-2013-2\/"},"modified":"2022-04-12T09:28:49","modified_gmt":"2022-04-12T08:28:49","slug":"arts-libris-2013-2","status":"publish","type":"post","link":"https:\/\/fundaciosetba.org\/es\/arts-libris-2013-2\/","title":{"rendered":"Arts Libris 2013"},"content":{"rendered":"<h2>Arts Libris 2013<\/h2>\n<p style=\"text-align: right;\"><a href=\"https:\/\/fundaciosetba.org\/es\/tag\/artslibris-es\">Otras ediciones<\/a><\/p>\n<p><strong>Setba asiste a ARTS LIBRIS un a\u00f1o m\u00e1s, pero por primera vez como Fundaci\u00f3n.<\/strong><\/p>\n<p>A pesar de que como galer\u00eda de arte (Setba Zona d&#8217;Art) ya ha asistido tres a\u00f1os seguidos, esta vez la Fundaci\u00f3n Setba tendr\u00e1 stand en Arts Libris por primera vez. La feria del libro de arte y dise\u00f1o tendr\u00e1 lugar del 20 al 23 de abril en el Arts Santa M\u00f2nica y la Fundaci\u00f3n Setba llevar\u00e1 obra de cuatro artistas, esta vez todas mujeres: Rosa Permanyer, Marzo Rabal, N\u00farua Rossell y F\u00e1tima Tocornal. Todas las obras estar\u00e1n en venta.<\/p>\n<p>La feria contar\u00e1 con un centenar de expositores profesionales nacionales e internacionales, entre los cuales una decena de escuelas de arte. Paralelamente se realizar\u00e1n una serie de\u00a0<a href=\"http:\/\/artslibris.cat\/ca\/programacio\/conferencies\/\">conferencias<\/a>\u00a0y <a href=\"http:\/\/artslibris.cat\/ca\/programacio\/tallers\/\">talleres<\/a>\u00a0y varios de los espacios participantes acoger\u00e1n exposiciones vinculadas a los libros de artista, entre los cuales la Fundaci\u00f3n Setba, con un doble<a href=\"http:\/\/esp.fundaciosetba.org\/homenaje-a-j-v-foix-xidc-518\">Homenaje al poeta J. V. Foix<\/a>.<\/p>\n<p>El entrada a Arts Libris\u00a0tendr\u00e1 un coste de 3\u20ac (entrada + cat\u00e1logo 5 \u20ac), excepto el viernes 20 de abril de 17 a 21h y el lunes 23, \u00faltimo d\u00eda de la feria, de 11 a 20h. <a href=\"http:\/\/artslibris.cat\/\">http:\/\/artslibris.cat<\/a><\/p>\n<p><img loading=\"lazy\" decoding=\"async\" class=\"aligncenter size-full wp-image-2761\" src=\"https:\/\/fundaciosetba.org\/wp-content\/uploads\/2015\/05\/1-Mar%C3%A7-Rabal-volum-I.jpg\" alt=\"1-Mar\u00e7 Rabal, volum I\" width=\"2121\" height=\"1496\" \/><\/p>\n<p><img loading=\"lazy\" decoding=\"async\" class=\"aligncenter size-full wp-image-2765\" src=\"https:\/\/fundaciosetba.org\/wp-content\/uploads\/2015\/05\/Detall-volum-I-Mar%C3%A7-Rabal-Setba.jpg\" alt=\"Detall volum I - Mar\u00e7 Rabal - Setba\" width=\"922\" height=\"691\" \/><\/p>\n<p><img loading=\"lazy\" decoding=\"async\" class=\"aligncenter size-full wp-image-2769\" src=\"https:\/\/fundaciosetba.org\/wp-content\/uploads\/2021\/12\/Codols-Nuria-Rossell-Setba.jpg\" alt='Codols - Nuria Rossell - Setba' width=\"746\" height=\"535\" \/><\/p>\n<p><img loading=\"lazy\" decoding=\"async\" class=\"aligncenter size-full wp-image-2773\" src=\"https:\/\/fundaciosetba.org\/wp-content\/uploads\/2021\/12\/El-soplo-Fatima-Tocornal-Setba.jpg\" alt='El soplo - Fatima Tocornal - Setba' width=\"3156\" height=\"2262\" \/><\/p>\n","protected":false},"excerpt":{"rendered":"<p>Setba asiste a ARTS LIBRIS un a\u00f1o m\u00e1s, pero por primera vez como Fundaci\u00f3n.<\/p>\n","protected":false},"author":1,"featured_media":0,"comment_status":"closed","ping_status":"closed","sticky":false,"template":"","format":"standard","meta":{"footnotes":""},"categories":[1090],"tags":[],"class_list":["post-28182","post","type-post","status-publish","format-standard","hentry","category-noticias"],"_links":{"self":[{"href":"https:\/\/fundaciosetba.org\/es\/wp-json\/wp\/v2\/posts\/28182","targetHints":{"allow":["GET"]}}],"collection":[{"href":"https:\/\/fundaciosetba.org\/es\/wp-json\/wp\/v2\/posts"}],"about":[{"href":"https:\/\/fundaciosetba.org\/es\/wp-json\/wp\/v2\/types\/post"}],"author":[{"embeddable":true,"href":"https:\/\/fundaciosetba.org\/es\/wp-json\/wp\/v2\/users\/1"}],"replies":[{"embeddable":true,"href":"https:\/\/fundaciosetba.org\/es\/wp-json\/wp\/v2\/comments?post=28182"}],"version-history":[{"count":1,"href":"https:\/\/fundaciosetba.org\/es\/wp-json\/wp\/v2\/posts\/28182\/revisions"}],"predecessor-version":[{"id":31135,"href":"https:\/\/fundaciosetba.org\/es\/wp-json\/wp\/v2\/posts\/28182\/revisions\/31135"}],"wp:attachment":[{"href":"https:\/\/fundaciosetba.org\/es\/wp-json\/wp\/v2\/media?parent=28182"}],"wp:term":[{"taxonomy":"category","embeddable":true,"href":"https:\/\/fundaciosetba.org\/es\/wp-json\/wp\/v2\/categories?post=28182"},{"taxonomy":"post_tag","embeddable":true,"href":"https:\/\/fundaciosetba.org\/es\/wp-json\/wp\/v2\/tags?post=28182"}],"curies":[{"name":"wp","href":"https:\/\/api.w.org\/{rel}","templated":true}]}}