{"id":28191,"date":"2015-05-25T00:00:00","date_gmt":"2015-05-24T23:00:00","guid":{"rendered":"https:\/\/fundaciosetba.org\/verdades-y-mentiras-sobre-el-reciclaje\/"},"modified":"2022-04-12T09:04:01","modified_gmt":"2022-04-12T08:04:01","slug":"verdades-y-mentiras-sobre-el-reciclaje","status":"publish","type":"post","link":"https:\/\/fundaciosetba.org\/es\/verdades-y-mentiras-sobre-el-reciclaje\/","title":{"rendered":"Verdades y mentiras sobre el reciclaje"},"content":{"rendered":"<h2>Verdades y mentiras sobre el reciclaje<\/h2>\n<p><strong>Conferencia a cargo de Ver\u00f3nica Kuchinow<\/strong><\/p>\n<p><img decoding=\"async\" src=\"https:\/\/fundaciosetba.org\/wp-content\/uploads\/2021\/12\/Envasonvas-Veritats-i-mentides-sobre-el-reciclatge.jpg\" alt='Envasonvas - Veritats i mentides sobre el reciclatge' \/><\/p>\n<p>En el marco de la muestra <a href=\"http:\/\/esp.fundaciosetba.org\/de-la-basura-a-la-belleza-recuparte-xidc-523\" target=\"_blank\" rel=\"noopener\">De la basura a la belleza<\/a>, el dia 5 de junio a las 19:30h la Fundaci\u00f3n Setba acoger\u00e1 la conferencia &#8220;Verdades y mentiras sobre el reciclaje&#8221; a cargo de Ver\u00f3nica Kuchinow, socia fundadora de ZICLA y especialista en simbiosis industrial, desarrollo rural, productos reciclados y gesti\u00f3n de residuos. Rogamos confirmar asistencia por <a href=\"http:\/\/info@fundaciosteba.org\/\">mail<\/a>\u00a0o telefono al 934813696.<\/p>\n<p>La exposici\u00f3n, que se podr\u00e1 ver en la Fundaci\u00f3n Setba hasta el 21 de junio, recoge la obra de seis artistas africanos que centran su actividad en la recuperaci\u00f3n de residuos, que se desv\u00edan de su primera funci\u00f3n para convertirse en objetos est\u00e9ticos. De la chatarra surge una neo-escultura y otra forma de dise\u00f1o.<\/p>\n","protected":false},"excerpt":{"rendered":"<p>Conferencia a cargo de Ver\u00f3nica Kuchinow<\/p>\n","protected":false},"author":1,"featured_media":28188,"comment_status":"closed","ping_status":"closed","sticky":false,"template":"","format":"standard","meta":{"footnotes":""},"categories":[1090],"tags":[1273],"class_list":["post-28191","post","type-post","status-publish","format-standard","has-post-thumbnail","hentry","category-noticias","tag-brossabellesa-es-2"],"_links":{"self":[{"href":"https:\/\/fundaciosetba.org\/es\/wp-json\/wp\/v2\/posts\/28191","targetHints":{"allow":["GET"]}}],"collection":[{"href":"https:\/\/fundaciosetba.org\/es\/wp-json\/wp\/v2\/posts"}],"about":[{"href":"https:\/\/fundaciosetba.org\/es\/wp-json\/wp\/v2\/types\/post"}],"author":[{"embeddable":true,"href":"https:\/\/fundaciosetba.org\/es\/wp-json\/wp\/v2\/users\/1"}],"replies":[{"embeddable":true,"href":"https:\/\/fundaciosetba.org\/es\/wp-json\/wp\/v2\/comments?post=28191"}],"version-history":[{"count":1,"href":"https:\/\/fundaciosetba.org\/es\/wp-json\/wp\/v2\/posts\/28191\/revisions"}],"predecessor-version":[{"id":31019,"href":"https:\/\/fundaciosetba.org\/es\/wp-json\/wp\/v2\/posts\/28191\/revisions\/31019"}],"wp:featuredmedia":[{"embeddable":true,"href":"https:\/\/fundaciosetba.org\/es\/wp-json\/wp\/v2\/media\/28188"}],"wp:attachment":[{"href":"https:\/\/fundaciosetba.org\/es\/wp-json\/wp\/v2\/media?parent=28191"}],"wp:term":[{"taxonomy":"category","embeddable":true,"href":"https:\/\/fundaciosetba.org\/es\/wp-json\/wp\/v2\/categories?post=28191"},{"taxonomy":"post_tag","embeddable":true,"href":"https:\/\/fundaciosetba.org\/es\/wp-json\/wp\/v2\/tags?post=28191"}],"curies":[{"name":"wp","href":"https:\/\/api.w.org\/{rel}","templated":true}]}}