{"id":28202,"date":"2013-09-28T00:00:00","date_gmt":"2013-09-27T23:00:00","guid":{"rendered":"https:\/\/fundaciosetba.org\/natura-escultura-2013\/"},"modified":"2022-04-12T09:32:46","modified_gmt":"2022-04-12T08:32:46","slug":"natura-escultura-2013","status":"publish","type":"post","link":"https:\/\/fundaciosetba.org\/es\/natura-escultura-2013\/","title":{"rendered":"Natura esCultura 2013"},"content":{"rendered":"<p>La segunda edici\u00f3n del proyecto se llevar\u00e1 a cabo un a\u00f1o m\u00e1s en CACiS y bajo la direcci\u00f3n de Marina Berdalet, pintora y arte terapeuta.<\/p>\n<p>Natura esCultura es un <strong>taller art\u00edstico destinado a personas que conviven con enfermedades mentales, que se lleva a cabo en el entorno natural. <\/strong>Se organiz\u00f3 por <a href=\"http:\/\/esp.fundaciosetba.org\/natura-escultura-xidc-354\">primera vez<\/a> en el a\u00f1o 2012 y tiene por objetivo utilizar el arte como terapia, como herramienta de integraci\u00f3n social y de concienciaci\u00f3n de la importancia de preservar el medio ambiente.<\/p>\n<p>Este proyecto, destinado a personas que conviven con la enfermedad mental, les ofrece la oportunidad de acercarse a la ARTE y a la NATURALEZA con el objetivo de crear un proyecto art\u00edstico bajo la direcci\u00f3n de artistas que son tambi\u00e9n terapeutas.<\/p>\n<p><iframe loading=\"lazy\" src=\"https:\/\/www.youtube.com\/embed\/kkZdTnBGpv4?rel=0\" width=\"960\" height=\"720\" frameborder=\"0\" allowfullscreen=\"allowfullscreen\"><\/iframe><\/p>\n<p>En esta segunda edici\u00f3n,<strong> el proyecto es pict\u00f3rico y la artista conductora es Marina Berdalet, <\/strong>pintora y arte terapeuta. La premisa del taller impartido por Berdalet se basa en la frase del primat\u00f3logo Jordi Sabater Pi: &#8220;Para dibujar es necesario observar, si observas conoces, si conoces aprecias, si aprecias proteges.&#8221;<\/p>\n<p><strong>El taller centrar\u00e1 la mirada en una especie protegida: la Orqu\u00eddea Spiranthes Spiralis <\/strong>con el fin de preservarla, crear dibujos propios y finalmente, potenciar el trabajo en equipo a trav\u00e9s de la realizaci\u00f3n de una instalaci\u00f3n en el bosque.<\/p>\n<p>La propuesta es localizar esta clase de orqu\u00eddea, fotografiarla y dibujarla al natural, para realizar un libro de artista y, por \u00faltimo, una instalaci\u00f3n en el entorno natural.<\/p>\n","protected":false},"excerpt":{"rendered":"<p>La segunda edici\u00f3n del proyecto se llevar\u00e1 a cabo un a\u00f1o m\u00e1s en CACiS y bajo la direcci\u00f3n de Marina Berdalet, pintora y arte terapeuta.<\/p>\n","protected":false},"author":1,"featured_media":0,"comment_status":"closed","ping_status":"closed","sticky":false,"template":"","format":"standard","meta":{"footnotes":""},"categories":[1090],"tags":[],"class_list":["post-28202","post","type-post","status-publish","format-standard","hentry","category-noticias"],"_links":{"self":[{"href":"https:\/\/fundaciosetba.org\/es\/wp-json\/wp\/v2\/posts\/28202","targetHints":{"allow":["GET"]}}],"collection":[{"href":"https:\/\/fundaciosetba.org\/es\/wp-json\/wp\/v2\/posts"}],"about":[{"href":"https:\/\/fundaciosetba.org\/es\/wp-json\/wp\/v2\/types\/post"}],"author":[{"embeddable":true,"href":"https:\/\/fundaciosetba.org\/es\/wp-json\/wp\/v2\/users\/1"}],"replies":[{"embeddable":true,"href":"https:\/\/fundaciosetba.org\/es\/wp-json\/wp\/v2\/comments?post=28202"}],"version-history":[{"count":1,"href":"https:\/\/fundaciosetba.org\/es\/wp-json\/wp\/v2\/posts\/28202\/revisions"}],"predecessor-version":[{"id":31162,"href":"https:\/\/fundaciosetba.org\/es\/wp-json\/wp\/v2\/posts\/28202\/revisions\/31162"}],"wp:attachment":[{"href":"https:\/\/fundaciosetba.org\/es\/wp-json\/wp\/v2\/media?parent=28202"}],"wp:term":[{"taxonomy":"category","embeddable":true,"href":"https:\/\/fundaciosetba.org\/es\/wp-json\/wp\/v2\/categories?post=28202"},{"taxonomy":"post_tag","embeddable":true,"href":"https:\/\/fundaciosetba.org\/es\/wp-json\/wp\/v2\/tags?post=28202"}],"curies":[{"name":"wp","href":"https:\/\/api.w.org\/{rel}","templated":true}]}}