{"id":28206,"date":"2015-05-25T00:00:00","date_gmt":"2015-05-24T23:00:00","guid":{"rendered":"https:\/\/fundaciosetba.org\/los-martes-y-sabados-setba\/"},"modified":"2022-04-12T09:05:03","modified_gmt":"2022-04-12T08:05:03","slug":"los-martes-y-sabados-setba","status":"publish","type":"post","link":"https:\/\/fundaciosetba.org\/es\/los-martes-y-sabados-setba\/","title":{"rendered":"Los martes y s\u00e1bados Setba"},"content":{"rendered":"<h2>Los martes y s\u00e1bados Setba<\/h2>\n<p><strong>El primer martes y el \u00faltimo s\u00e1bado te proponemos una visita guiada a la exposici\u00f3n del momento.<\/strong><\/p>\n<p>El primer martes y el \u00faltimo s\u00e1bado de mes te proponemos una <strong>visita guiada a la exposici\u00f3n del momento y un recorrido hist\u00f3rico y cultural, <\/strong>a trav\u00e9s de la visita a un espacio singular del barrio G\u00f3tico de Barcelona. Un lugar \u00fanico por su historia, arquitectura y situaci\u00f3n.\u00a0<a href=\"mailto:info@fundaciosetba.org\">Rogamos confirmar asistencia.<\/a><\/p>\n<p><img decoding=\"async\" src=\"https:\/\/fundaciosetba.org\/wp-content\/uploads\/2021\/12\/Els-dimarts-i-dissabtes-SETBA.jpg\" alt='Els dimarts i dissabtes SETBA' \/><\/p>\n<p>&nbsp;<\/p>\n","protected":false},"excerpt":{"rendered":"<p>El primer martes y el \u00faltimo s\u00e1bado te proponemos una visita guiada a la exposici\u00f3n del momento.<\/p>\n","protected":false},"author":1,"featured_media":28203,"comment_status":"closed","ping_status":"closed","sticky":false,"template":"","format":"standard","meta":{"footnotes":""},"categories":[1090],"tags":[],"class_list":["post-28206","post","type-post","status-publish","format-standard","has-post-thumbnail","hentry","category-noticias"],"_links":{"self":[{"href":"https:\/\/fundaciosetba.org\/es\/wp-json\/wp\/v2\/posts\/28206","targetHints":{"allow":["GET"]}}],"collection":[{"href":"https:\/\/fundaciosetba.org\/es\/wp-json\/wp\/v2\/posts"}],"about":[{"href":"https:\/\/fundaciosetba.org\/es\/wp-json\/wp\/v2\/types\/post"}],"author":[{"embeddable":true,"href":"https:\/\/fundaciosetba.org\/es\/wp-json\/wp\/v2\/users\/1"}],"replies":[{"embeddable":true,"href":"https:\/\/fundaciosetba.org\/es\/wp-json\/wp\/v2\/comments?post=28206"}],"version-history":[{"count":1,"href":"https:\/\/fundaciosetba.org\/es\/wp-json\/wp\/v2\/posts\/28206\/revisions"}],"predecessor-version":[{"id":31025,"href":"https:\/\/fundaciosetba.org\/es\/wp-json\/wp\/v2\/posts\/28206\/revisions\/31025"}],"wp:featuredmedia":[{"embeddable":true,"href":"https:\/\/fundaciosetba.org\/es\/wp-json\/wp\/v2\/media\/28203"}],"wp:attachment":[{"href":"https:\/\/fundaciosetba.org\/es\/wp-json\/wp\/v2\/media?parent=28206"}],"wp:term":[{"taxonomy":"category","embeddable":true,"href":"https:\/\/fundaciosetba.org\/es\/wp-json\/wp\/v2\/categories?post=28206"},{"taxonomy":"post_tag","embeddable":true,"href":"https:\/\/fundaciosetba.org\/es\/wp-json\/wp\/v2\/tags?post=28206"}],"curies":[{"name":"wp","href":"https:\/\/api.w.org\/{rel}","templated":true}]}}