{"id":28207,"date":"2015-05-25T00:00:00","date_gmt":"2015-05-24T23:00:00","guid":{"rendered":"https:\/\/fundaciosetba.org\/puertas-abiertas-en-el-viver-dargentona\/"},"modified":"2022-04-12T09:24:56","modified_gmt":"2022-04-12T08:24:56","slug":"puertas-abiertas-en-el-viver-dargentona","status":"publish","type":"post","link":"https:\/\/fundaciosetba.org\/es\/puertas-abiertas-en-el-viver-dargentona\/","title":{"rendered":"Puertas abiertas en El Viver d&#8217;Argentona"},"content":{"rendered":"<h2>Puertas abiertas en El Viver d&#8217;Argentona<\/h2>\n<p><strong>La Fundaci\u00f3n Setba os invita a la exposici\u00f3n colectiva &#8220;Rostros, insinuados y revelados&#8221;, que se podr\u00e1 ver en la Casa del Viver de Argentona (ctra. Vilassar). La inauguraci\u00f3n tendr\u00e1 lugar este domingo en el marco de la Fiesta de la Virgen del Viver.<\/strong><\/p>\n<p>http:\/\/www.ivoox.com\/audio_rf_2354455_1.html<\/p>\n","protected":false},"excerpt":{"rendered":"<p>La Fundaci\u00f3n Setba os invita a la exposici\u00f3n colectiva &#8220;Rostros, insinuados y revelados&#8221;, que se podr\u00e1 ver en la Casa del Viver de Argentona (ctra. Vilassar). La inauguraci\u00f3n tendr\u00e1 lugar este domingo en el marco de la Fiesta de la Virgen del Viver.<\/p>\n","protected":false},"author":1,"featured_media":0,"comment_status":"closed","ping_status":"closed","sticky":false,"template":"","format":"standard","meta":{"footnotes":""},"categories":[1090],"tags":[],"class_list":["post-28207","post","type-post","status-publish","format-standard","hentry","category-noticias"],"_links":{"self":[{"href":"https:\/\/fundaciosetba.org\/es\/wp-json\/wp\/v2\/posts\/28207","targetHints":{"allow":["GET"]}}],"collection":[{"href":"https:\/\/fundaciosetba.org\/es\/wp-json\/wp\/v2\/posts"}],"about":[{"href":"https:\/\/fundaciosetba.org\/es\/wp-json\/wp\/v2\/types\/post"}],"author":[{"embeddable":true,"href":"https:\/\/fundaciosetba.org\/es\/wp-json\/wp\/v2\/users\/1"}],"replies":[{"embeddable":true,"href":"https:\/\/fundaciosetba.org\/es\/wp-json\/wp\/v2\/comments?post=28207"}],"version-history":[{"count":1,"href":"https:\/\/fundaciosetba.org\/es\/wp-json\/wp\/v2\/posts\/28207\/revisions"}],"predecessor-version":[{"id":31109,"href":"https:\/\/fundaciosetba.org\/es\/wp-json\/wp\/v2\/posts\/28207\/revisions\/31109"}],"wp:attachment":[{"href":"https:\/\/fundaciosetba.org\/es\/wp-json\/wp\/v2\/media?parent=28207"}],"wp:term":[{"taxonomy":"category","embeddable":true,"href":"https:\/\/fundaciosetba.org\/es\/wp-json\/wp\/v2\/categories?post=28207"},{"taxonomy":"post_tag","embeddable":true,"href":"https:\/\/fundaciosetba.org\/es\/wp-json\/wp\/v2\/tags?post=28207"}],"curies":[{"name":"wp","href":"https:\/\/api.w.org\/{rel}","templated":true}]}}