{"id":28208,"date":"2015-05-25T00:00:00","date_gmt":"2015-05-24T23:00:00","guid":{"rendered":"https:\/\/fundaciosetba.org\/cineforum-joan-de-serrallonga-2\/"},"modified":"2022-04-12T09:25:09","modified_gmt":"2022-04-12T08:25:09","slug":"cineforum-joan-de-serrallonga-2","status":"publish","type":"post","link":"https:\/\/fundaciosetba.org\/es\/cineforum-joan-de-serrallonga-2\/","title":{"rendered":"Cineforum Joan de Serrallonga"},"content":{"rendered":"<h2>Cineforum Joan de Serrallonga<\/h2>\n<p><strong>Los Cines Mald\u00e0 acogen este cineforum con motivo del D\u00eda Internacional de la Enfermedad Mental. Proyecci\u00f3n &#8216;L\u2019inspiration de Van Gogh&#8217;<\/strong><\/p>\n<p>&nbsp;<\/p>\n<p>El pr\u00f3ximo jueves 10 de octubre y con motivo del D\u00eda Internacional de la Enfermedad Mental la Fundaci\u00f3n Setba, en colaboraci\u00f3n con los Cines Mald\u00e0, organiza el Cineforum Joan de Serrallonga, centrado en temas sociales y medio ambientales, que son los ejes de la actividad de la Fundaci\u00f3n.<\/p>\n<p><iframe loading=\"lazy\" src=\"https:\/\/www.youtube.com\/embed\/LbX-9qUXHm0\" width=\"560\" height=\"315\" frameborder=\"0\" allowfullscreen=\"allowfullscreen\"><\/iframe><\/p>\n<p>Este primer cineforum se estrena con la proyecci\u00f3n del documental L&#8217;inspiration de Van Gogh y posterior debate, para el que contaremos con la presencia del director del film, Daniel Ferrer y Joaqu\u00edn Corral, director de la Fundaci\u00f3n San Pere Claver, que hablar\u00e1 sobre la relaci\u00f3n entre el arte y la enfermedad mental, como se da en la ART BRUT, y la figura de Vincent Van Gogh.<\/p>\n<p>El cineforum tendr\u00e1 lugar en los Cines Mald\u00e0 a las 18h y la entrada tiene un coste de 3 \u20ac que se destinar\u00e1n a la financiaci\u00f3n del proyecto Natura esCultura 2014. Antes del debate, tambi\u00e9n se proyectar\u00e1 el repotaje sobre el Natura esCultura de este a\u00f1o.<\/p>\n<p><img decoding=\"async\" src=\"https:\/\/fundaciosetba.org\/wp-content\/uploads\/2015\/05\/INVITACI%C3%93-Cineforum-Joan-de-Serrallonga-I.jpg\" alt=\"INVITACI\u00d3 Cineforum Joan de Serrallonga I\" \/><\/p>\n","protected":false},"excerpt":{"rendered":"<p>Los Cines Mald\u00e0 acogen este cineforum con motivo del D\u00eda Internacional de la Enfermedad Mental. Proyecci\u00f3n &#8216;L\u2019inspiration de Van Gogh&#8217;<\/p>\n","protected":false},"author":1,"featured_media":0,"comment_status":"closed","ping_status":"closed","sticky":false,"template":"","format":"standard","meta":{"footnotes":""},"categories":[1090],"tags":[1329],"class_list":["post-28208","post","type-post","status-publish","format-standard","hentry","category-noticias","tag-naturaescultura13-es-2"],"_links":{"self":[{"href":"https:\/\/fundaciosetba.org\/es\/wp-json\/wp\/v2\/posts\/28208","targetHints":{"allow":["GET"]}}],"collection":[{"href":"https:\/\/fundaciosetba.org\/es\/wp-json\/wp\/v2\/posts"}],"about":[{"href":"https:\/\/fundaciosetba.org\/es\/wp-json\/wp\/v2\/types\/post"}],"author":[{"embeddable":true,"href":"https:\/\/fundaciosetba.org\/es\/wp-json\/wp\/v2\/users\/1"}],"replies":[{"embeddable":true,"href":"https:\/\/fundaciosetba.org\/es\/wp-json\/wp\/v2\/comments?post=28208"}],"version-history":[{"count":1,"href":"https:\/\/fundaciosetba.org\/es\/wp-json\/wp\/v2\/posts\/28208\/revisions"}],"predecessor-version":[{"id":31111,"href":"https:\/\/fundaciosetba.org\/es\/wp-json\/wp\/v2\/posts\/28208\/revisions\/31111"}],"wp:attachment":[{"href":"https:\/\/fundaciosetba.org\/es\/wp-json\/wp\/v2\/media?parent=28208"}],"wp:term":[{"taxonomy":"category","embeddable":true,"href":"https:\/\/fundaciosetba.org\/es\/wp-json\/wp\/v2\/categories?post=28208"},{"taxonomy":"post_tag","embeddable":true,"href":"https:\/\/fundaciosetba.org\/es\/wp-json\/wp\/v2\/tags?post=28208"}],"curies":[{"name":"wp","href":"https:\/\/api.w.org\/{rel}","templated":true}]}}