{"id":28210,"date":"2013-11-25T00:00:00","date_gmt":"2013-11-24T23:00:00","guid":{"rendered":"https:\/\/fundaciosetba.org\/deconstruyendo-el-monstruo-2013\/"},"modified":"2022-04-12T09:32:40","modified_gmt":"2022-04-12T08:32:40","slug":"deconstruyendo-el-monstruo-2013","status":"publish","type":"post","link":"https:\/\/fundaciosetba.org\/es\/deconstruyendo-el-monstruo-2013\/","title":{"rendered":"Deconstruyendo el monstruo 2013"},"content":{"rendered":"<p>Taller creativo impartido por el escultor Xavier Jansana y dirigido a mujeres que han sufrido la violencia de los hombres. La clausura tendr\u00e1 lugar con un acto en la Plaza Real, coincidiendo con el D\u00eda Internacional contra la Violencia de G\u00e9nero.<\/p>\n<p>El pr\u00f3ximo 25 de noviembre y con motivo del D\u00eda Internacional para la Eliminaci\u00f3n de la Violencia contra las Mujeres, la Fundaci\u00f3n Setba organiza &#8220;Deconstruyendo el monstruo&#8221;. Una acci\u00f3n art\u00edstica en la Plaza Real en el marco del recorrido de la Red de Mujeres Feministas contra la Violencia, que culmina en la Plaza de Sant Jaume.<\/p>\n<p><iframe loading=\"lazy\" src=\"https:\/\/www.youtube.com\/embed\/vT17xBMF4bI\" width=\"750\" height=\"400\" frameborder=\"0\" allowfullscreen=\"allowfullscreen\"><\/iframe><\/p>\n<p>El eje de este acto ser\u00e1 una escultura gigante, un monstruo bic\u00e9falo (con un rostro amable y un monstruoso)realizado en un taller para mujeres que han sufrido violencia machista y que simboliza sus miedos.<\/p>\n<p>El taller se llevar\u00e1 a cabo el mes de noviembre en el Centro de Cultura de Mujeres Francesca Bonnemaison y participar\u00e1n 10 mujeres provenientes de entidades y asociaciones del distrito de Ciutat Vella. El taller, impartido por el escultor Xavier Jansana y la terapeuta Beatriu Masi\u00e0, pretende proporcionar herramientas para combatir el miedo mediante la actividad art\u00edstica. De esta manera, el monstruo estar\u00e1 engalanado con elementos creados por ellas mismas, que simbolizar\u00e1n 10 puntos que retractan un posible maltratador.<\/p>\n<p>&#8216;Deconstruyendo el monstruo&#8217; quiere hacer visible y poner rostro a una jornada ya un problema que se ha convertido una lacra de nuestra sociedad. El acto culminar\u00e1 con la actuaci\u00f3n de Gisela Riba, bailarina del Ballet Junior de Ginebra y del Ballet de Biarritz.<br \/>\nA finales de a\u00f1o, se llevar\u00e1 a cabo una exposici\u00f3n fotogr\u00e1fica sobre el desarrollo del taller y el acto del D\u00eda Internacional en contra de la Violencia Machista.<\/p>\n<p>La actividad, organizada por la Fundaci\u00f3n Setba, ha recibido el apoyo del Ayuntamiento de Barcelona (Distrito de Ciutat Vella), TAMAIA y la Red de Mujeres Feministas contra la Violencia.<\/p>\n","protected":false},"excerpt":{"rendered":"<p>Taller creativo impartido por el escultor Xavier Jansana y dirigido a mujeres que han sufrido la violencia de los hombres. La clausura tendr\u00e1 lugar con un acto en la Plaza Real, coincidiendo con el D\u00eda Internacional contra la Violencia de G\u00e9nero.<\/p>\n","protected":false},"author":1,"featured_media":0,"comment_status":"closed","ping_status":"closed","sticky":false,"template":"","format":"standard","meta":{"footnotes":""},"categories":[1090],"tags":[],"class_list":["post-28210","post","type-post","status-publish","format-standard","hentry","category-noticias"],"_links":{"self":[{"href":"https:\/\/fundaciosetba.org\/es\/wp-json\/wp\/v2\/posts\/28210","targetHints":{"allow":["GET"]}}],"collection":[{"href":"https:\/\/fundaciosetba.org\/es\/wp-json\/wp\/v2\/posts"}],"about":[{"href":"https:\/\/fundaciosetba.org\/es\/wp-json\/wp\/v2\/types\/post"}],"author":[{"embeddable":true,"href":"https:\/\/fundaciosetba.org\/es\/wp-json\/wp\/v2\/users\/1"}],"replies":[{"embeddable":true,"href":"https:\/\/fundaciosetba.org\/es\/wp-json\/wp\/v2\/comments?post=28210"}],"version-history":[{"count":1,"href":"https:\/\/fundaciosetba.org\/es\/wp-json\/wp\/v2\/posts\/28210\/revisions"}],"predecessor-version":[{"id":31161,"href":"https:\/\/fundaciosetba.org\/es\/wp-json\/wp\/v2\/posts\/28210\/revisions\/31161"}],"wp:attachment":[{"href":"https:\/\/fundaciosetba.org\/es\/wp-json\/wp\/v2\/media?parent=28210"}],"wp:term":[{"taxonomy":"category","embeddable":true,"href":"https:\/\/fundaciosetba.org\/es\/wp-json\/wp\/v2\/categories?post=28210"},{"taxonomy":"post_tag","embeddable":true,"href":"https:\/\/fundaciosetba.org\/es\/wp-json\/wp\/v2\/tags?post=28210"}],"curies":[{"name":"wp","href":"https:\/\/api.w.org\/{rel}","templated":true}]}}