{"id":28226,"date":"2015-05-25T00:00:00","date_gmt":"2015-05-24T23:00:00","guid":{"rendered":"https:\/\/fundaciosetba.org\/olores-y-recuerdos\/"},"modified":"2022-04-12T09:25:33","modified_gmt":"2022-04-12T08:25:33","slug":"olores-y-recuerdos","status":"publish","type":"post","link":"https:\/\/fundaciosetba.org\/es\/olores-y-recuerdos\/","title":{"rendered":"Olores y recuerdos"},"content":{"rendered":"<h2>Olores y recuerdos<\/h2>\n<p><strong>Conferencia a cargo de N\u00faria Viladevall y Eduard Palaus, bisnietos de Llu\u00eds Soler y Pujol. Hora: 19:30h Entrada gratuita. Rogamos confirmar asistencia.<\/strong><\/p>\n<p>&nbsp;<\/p>\n<p>En el marco de la muestra &#8216;<a href=\"http:\/\/esp.fundaciosetba.org\/el-taxidermista-xidc-975\">El Taxidermista<\/a>&#8216; el jueves 28 de noviembre a las 19:30h tendr\u00e1 lugar una conferencia a cargo de Nuria Viladevall y Eduard Palaus, bisnietos del primer taxidermista de la Plaza Real, Luis Soler i Pujol.<\/p>\n<p><img decoding=\"async\" src=\"https:\/\/fundaciosetba.org\/wp-content\/uploads\/2015\/05\/museo-pedagogico-a%C3%B1os-20.jpg\" alt=\"museo pedagogico a\u00f1os 20\" \/><\/p>\n<p>Eran los a\u00f1os 70 . Sal\u00edamos de la escuela y mam\u00e1 ya nos esperaba detr\u00e1s de los grandes escaparates de la tienda . Ella, desde el interior, con una sonrisa complaciente, nos indicaba que mir\u00e1semos las piezas que iba disponiendo ordenadamente: una jineta que trepa sobre un tronco, una serpiente que muestra los incisivos, un cristal de cuarzo de gran tama\u00f1o, una caja llena de cole\u00f3pteros acentuando su gran diversidad&#8230; S<em>e ve bien desde la calle?<\/em> nos preguntaba al entrar .<\/p>\n<p>A continuaci\u00f3n \u00edbamos a dar un beso, primero al abuelo que normalmente, lo encontr\u00e1bamos en el espacio donde estaba la cajonera de los lepid\u00f3pteros. A menudo, cambiaba de lugar las mariposas. Nosotros admir\u00e1bamos la belleza de formas y colores mientras ol\u00edamos la esencia de mirbana. \u00c9l cog\u00eda una <em>\u00a1Mirad esta &#8221; azulita&#8221; macho , qu\u00e9 colores<\/em>! A continuaci\u00f3n cog\u00eda una &#8221; azulita&#8221; hembra y nos ense\u00f1aba los colores marrones de detr\u00e1s <em>\u00bfVeis? \u00a1El macho siempre llama la atenci\u00f3n!<\/em><\/p>\n<p>Despu\u00e9s \u00edbamos a dar un beso a la abuela. Ella siempre estaba sentada en su escritorio, entre libros de contabilidad, tintero, plumilla y papel de secar de color rosa. Me gustaba mucho ese espacio presidido por el cuadro de su padre, debajo del cual una placa dec\u00eda: Llu\u00eds Soler Pujol, fundador del &#8220;Museo Pedag\u00f3gico de Ciencias Naturales&#8221; 1898. Cuando pod\u00ed , la abuela nos contaba la admiraci\u00f3n que sent\u00eda por \u00e9l, naturalista, cient\u00edfico, did\u00e1ctico y divulgativo. Gracias a \u00e9l muchas escuelas y museos pod\u00edan conocer el mundo animal. <em>\u00a1Hay muchos peque\u00f1os\u00a0<\/em><em>Darwins\u00a0en la vida!<\/em><\/p>\n<p>En la tienda entraba el p\u00fablico y preguntaba: <em>Podemos ver los gorilas? <\/em>Siempre hab\u00eda gente paseando entre las numerosas vitrinas llenas de ardillas, t\u00f3rtolas, mofeta &#8230; y en las paredes, cabezas de ciervo y cuernos de todo tipo, por encima de las vitrinas, pieles de guepardo, de zorro, de cebra&#8230;<\/p>\n<p>La abuela nos dec\u00eda que fu\u00e9ramos a buscar alg\u00fan encargo al taller, los trabajadores disecaban en el entresuelo. Paco, los p\u00e1jaros. Eduardo montaba las ardillas sobre troncos con pi\u00f1as, el Luna un zorro o una marta sobre una roca de yeso y Ernest hac\u00eda los reptiles; Miquel curt\u00eda las pieles que recog\u00eda de las tinas llenas de formol, impregnando todo el espacio de aquel fuerte olor. Ahora la piel de una gacela, como la de un jabal\u00ed&#8230; Yo acariciaba las plumas suaves del gran duque, admiraba los colores de los martinetes o recorr\u00eda la cola de un tej\u00f3n.<\/p>\n<p>Y cuando era la hora de cerrar, alguno de los trabajadores bajaba las cinco persianas de la tienda y todos los olores quedaban aprisionados. Muchos recuerdos tambi\u00e9n quedaron dentro cuando se cerr\u00f3 deinitivamente. Hoy, gracias a esta exposici\u00f3n en homenaje a la taxidermia de mis antepasados\u200b\u200b, se me ha despertado la memoria de los recuerdos y los olores.<\/p>\n<p>Pero sobre todo es un homenaje a las personas que condujeron la tienda: mi bisabuelo Luis Soler, mi bisabuela Carmen Boix, mi abuela Ana Soler, mi abuelo Josep Palaus, mis t\u00edos Ignasi, Frederic, Xavier y Francesca y, sobre todo, a mi madre Carmen Palaus que, junto a mi padre, Ignasi Viladevall, nos transmitieron con orgullo y sensibilidad, los conocimientos y el amor a la naturaleza.<\/p>\n<p><strong>N\u00faria Viladevall Palaus<\/strong><br \/>\nBisnieta de Llu\u00eds Soler y Pujol,\u00a0el primer taxidermista.<\/p>\n<p><img decoding=\"async\" src=\"http:\/\/esp.fundaciosetba.org\/userfiles\/images\/INVITACI%C3%93%20Confer%C3%A8ncia%20%5C%27Olors%20i%20records%5C%27.jpg\" alt=\"\" \/><\/p>\n","protected":false},"excerpt":{"rendered":"<p>Conferencia a cargo de N\u00faria Viladevall y Eduard Palaus, bisnietos de Llu\u00eds Soler y Pujol. Hora: 19:30h Entrada gratuita. Rogamos confirmar asistencia.<\/p>\n","protected":false},"author":1,"featured_media":0,"comment_status":"closed","ping_status":"closed","sticky":false,"template":"","format":"standard","meta":{"footnotes":""},"categories":[1090],"tags":[1279],"class_list":["post-28226","post","type-post","status-publish","format-standard","hentry","category-noticias","tag-taxidermista-es-2"],"_links":{"self":[{"href":"https:\/\/fundaciosetba.org\/es\/wp-json\/wp\/v2\/posts\/28226","targetHints":{"allow":["GET"]}}],"collection":[{"href":"https:\/\/fundaciosetba.org\/es\/wp-json\/wp\/v2\/posts"}],"about":[{"href":"https:\/\/fundaciosetba.org\/es\/wp-json\/wp\/v2\/types\/post"}],"author":[{"embeddable":true,"href":"https:\/\/fundaciosetba.org\/es\/wp-json\/wp\/v2\/users\/1"}],"replies":[{"embeddable":true,"href":"https:\/\/fundaciosetba.org\/es\/wp-json\/wp\/v2\/comments?post=28226"}],"version-history":[{"count":1,"href":"https:\/\/fundaciosetba.org\/es\/wp-json\/wp\/v2\/posts\/28226\/revisions"}],"predecessor-version":[{"id":31115,"href":"https:\/\/fundaciosetba.org\/es\/wp-json\/wp\/v2\/posts\/28226\/revisions\/31115"}],"wp:attachment":[{"href":"https:\/\/fundaciosetba.org\/es\/wp-json\/wp\/v2\/media?parent=28226"}],"wp:term":[{"taxonomy":"category","embeddable":true,"href":"https:\/\/fundaciosetba.org\/es\/wp-json\/wp\/v2\/categories?post=28226"},{"taxonomy":"post_tag","embeddable":true,"href":"https:\/\/fundaciosetba.org\/es\/wp-json\/wp\/v2\/tags?post=28226"}],"curies":[{"name":"wp","href":"https:\/\/api.w.org\/{rel}","templated":true}]}}