{"id":28229,"date":"2013-12-03T00:00:00","date_gmt":"2013-12-02T23:00:00","guid":{"rendered":"https:\/\/fundaciosetba.org\/villancicos-en-el-viver-2013\/"},"modified":"2022-04-12T09:29:46","modified_gmt":"2022-04-12T08:29:46","slug":"villancicos-en-el-viver-2013","status":"publish","type":"post","link":"https:\/\/fundaciosetba.org\/es\/villancicos-en-el-viver-2013\/","title":{"rendered":"Villancicos en El Viver 2013"},"content":{"rendered":"<h2>Villancicos en El Viver 2013<\/h2>\n<p style=\"text-align: right;\"><a href=\"https:\/\/fundaciosetba.org\/es\/tag\/marato-es\">Otras ediciones\u00a0<\/a><\/p>\n<p><strong>Concierto de Villancicos a cargo de la Coral C\u00e0ntir\u200b\u200bd&#8217;Or para recoger fondos para la Marat\u00f3 de TV3 de este a\u00f1o, destinada a las enfermedades neurodegenerativas.<\/strong><\/p>\n<p>El pr\u00f3ximo domingo 15 de diciembre, de 12 a 14h, la iglesia rom\u00e1nica de El Viver de Argentona acoger\u00e1 un <strong>concierto de Villancicos<\/strong> a cargo de la Coral C\u00e0ntir d\u2019Or. El acto, organizado por la Fundaci\u00f3n Setba y la Asociaci\u00f3n Nats 55, quiere\u00a0<strong>recoger fondos para la Marat\u00f3 de TV3 de este a\u00f1o, <\/strong>destinada a las enfermedades neurodegenerativas.<\/p>\n<div class=\"media_embed\"><iframe loading=\"lazy\" src=\"http:\/\/www.youtube.com\/embed\/v23rfQjXHOs\" width=\"640\" height=\"360\" frameborder=\"0\" allowfullscreen=\"allowfullscreen\"><\/iframe><\/div>\n<div class=\"media_embed\"><\/div>\n<div class=\"media_embed\">Despu\u00e9s del concierto de Villancicos habr\u00e1 un <em>vernissage <\/em>de cava y turrones, cortes\u00eda de algunos de los establecimientos de la Villa de Argentona, que han querido colaborar con esta actividad solidaria. Se trata de una de las muchas acciones que organiza la Asociaci\u00f3n Nats 55 para captar fondos para la Marat\u00f3 de TV3, entre las que cabe destacar un matinal de Country, un concierto de gospel y una partida de ajedrez, entre otros. La entrada ser\u00e1 gratuita, pero se pedir\u00e1 a los asistentes que hagan una aportaci\u00f3n para la Marat\u00f3n de TV3.<\/div>\n<div class=\"media_embed\"><\/div>\n<div class=\"media_embed\"><img decoding=\"async\" src=\"https:\/\/fundaciosetba.org\/wp-content\/uploads\/2015\/05\/INVITACI%C3%93-Nadales-al-Viver-per-la-Marat%C3%B3-de-TV3.jpg\" alt=\"INVITACI\u00d3 Nadales al Viver per la Marat\u00f3 de TV3\" \/><\/div>\n","protected":false},"excerpt":{"rendered":"<p>Concierto de Villancicos a cargo de la Coral C\u00e0ntir\u200b\u200bd&#8217;Or para recoger fondos para la Marat\u00f3 de TV3 de este a\u00f1o, destinada a las enfermedades neurodegenerativas.<\/p>\n","protected":false},"author":1,"featured_media":0,"comment_status":"closed","ping_status":"closed","sticky":false,"template":"","format":"standard","meta":{"footnotes":""},"categories":[1090],"tags":[],"class_list":["post-28229","post","type-post","status-publish","format-standard","hentry","category-noticias"],"_links":{"self":[{"href":"https:\/\/fundaciosetba.org\/es\/wp-json\/wp\/v2\/posts\/28229","targetHints":{"allow":["GET"]}}],"collection":[{"href":"https:\/\/fundaciosetba.org\/es\/wp-json\/wp\/v2\/posts"}],"about":[{"href":"https:\/\/fundaciosetba.org\/es\/wp-json\/wp\/v2\/types\/post"}],"author":[{"embeddable":true,"href":"https:\/\/fundaciosetba.org\/es\/wp-json\/wp\/v2\/users\/1"}],"replies":[{"embeddable":true,"href":"https:\/\/fundaciosetba.org\/es\/wp-json\/wp\/v2\/comments?post=28229"}],"version-history":[{"count":1,"href":"https:\/\/fundaciosetba.org\/es\/wp-json\/wp\/v2\/posts\/28229\/revisions"}],"predecessor-version":[{"id":31144,"href":"https:\/\/fundaciosetba.org\/es\/wp-json\/wp\/v2\/posts\/28229\/revisions\/31144"}],"wp:attachment":[{"href":"https:\/\/fundaciosetba.org\/es\/wp-json\/wp\/v2\/media?parent=28229"}],"wp:term":[{"taxonomy":"category","embeddable":true,"href":"https:\/\/fundaciosetba.org\/es\/wp-json\/wp\/v2\/categories?post=28229"},{"taxonomy":"post_tag","embeddable":true,"href":"https:\/\/fundaciosetba.org\/es\/wp-json\/wp\/v2\/tags?post=28229"}],"curies":[{"name":"wp","href":"https:\/\/api.w.org\/{rel}","templated":true}]}}