{"id":28274,"date":"2015-05-25T00:00:00","date_gmt":"2015-05-24T23:00:00","guid":{"rendered":"https:\/\/fundaciosetba.org\/sabados-familiares\/"},"modified":"2022-04-12T09:07:14","modified_gmt":"2022-04-12T08:07:14","slug":"sabados-familiares","status":"publish","type":"post","link":"https:\/\/fundaciosetba.org\/es\/sabados-familiares\/","title":{"rendered":"S\u00e1bados familiares"},"content":{"rendered":"<h2>S\u00e1bados familiares<\/h2>\n<p><strong>El primer s\u00e1bado de cada mes organizamos talleres art\u00edsticos para los m\u00e1s peque\u00f1os.<\/strong><\/p>\n<p>&nbsp;<\/p>\n<p>El primer s\u00e1bado de cada mes organizamos talleres art\u00edsticos para los m\u00e1s peque\u00f1os. Padres y ni\u00f1os podr\u00e1n disfrutar de una <strong>visita guiada adaptada y un taller<\/strong> que girar\u00e1 en torno a la exposici\u00f3n del momento. \u00a1Todo por 4\u20ac (s\u00f3lo adultos) y con una consumici\u00f3n incluida! <a href=\"mailto:sandra@fundaciosetba.org\">Rogamos confirmar asistencia.<\/a><\/p>\n<p><img decoding=\"async\" src=\"https:\/\/fundaciosetba.org\/wp-content\/uploads\/2021\/12\/WEB-Dissabtes-familiars.jpg\" alt='WEB Dissabtes familiars' \/><\/p>\n<p>&nbsp;<\/p>\n","protected":false},"excerpt":{"rendered":"<p>El primer s\u00e1bado de cada mes organizamos talleres art\u00edsticos para los m\u00e1s peque\u00f1os.<\/p>\n","protected":false},"author":1,"featured_media":28271,"comment_status":"closed","ping_status":"closed","sticky":false,"template":"","format":"standard","meta":{"footnotes":""},"categories":[1090],"tags":[1281],"class_list":["post-28274","post","type-post","status-publish","format-standard","has-post-thumbnail","hentry","category-noticias","tag-arqpin-es-2"],"_links":{"self":[{"href":"https:\/\/fundaciosetba.org\/es\/wp-json\/wp\/v2\/posts\/28274","targetHints":{"allow":["GET"]}}],"collection":[{"href":"https:\/\/fundaciosetba.org\/es\/wp-json\/wp\/v2\/posts"}],"about":[{"href":"https:\/\/fundaciosetba.org\/es\/wp-json\/wp\/v2\/types\/post"}],"author":[{"embeddable":true,"href":"https:\/\/fundaciosetba.org\/es\/wp-json\/wp\/v2\/users\/1"}],"replies":[{"embeddable":true,"href":"https:\/\/fundaciosetba.org\/es\/wp-json\/wp\/v2\/comments?post=28274"}],"version-history":[{"count":1,"href":"https:\/\/fundaciosetba.org\/es\/wp-json\/wp\/v2\/posts\/28274\/revisions"}],"predecessor-version":[{"id":31042,"href":"https:\/\/fundaciosetba.org\/es\/wp-json\/wp\/v2\/posts\/28274\/revisions\/31042"}],"wp:featuredmedia":[{"embeddable":true,"href":"https:\/\/fundaciosetba.org\/es\/wp-json\/wp\/v2\/media\/28271"}],"wp:attachment":[{"href":"https:\/\/fundaciosetba.org\/es\/wp-json\/wp\/v2\/media?parent=28274"}],"wp:term":[{"taxonomy":"category","embeddable":true,"href":"https:\/\/fundaciosetba.org\/es\/wp-json\/wp\/v2\/categories?post=28274"},{"taxonomy":"post_tag","embeddable":true,"href":"https:\/\/fundaciosetba.org\/es\/wp-json\/wp\/v2\/tags?post=28274"}],"curies":[{"name":"wp","href":"https:\/\/api.w.org\/{rel}","templated":true}]}}