{"id":28278,"date":"2015-05-25T00:00:00","date_gmt":"2015-05-24T23:00:00","guid":{"rendered":"https:\/\/fundaciosetba.org\/barcelona-desaparecida\/"},"modified":"2022-04-12T09:02:19","modified_gmt":"2022-04-12T08:02:19","slug":"barcelona-desaparecida","status":"publish","type":"post","link":"https:\/\/fundaciosetba.org\/es\/barcelona-desaparecida\/","title":{"rendered":"Barcelona Desaparecida"},"content":{"rendered":"<h2>Barcelona Desaparecida<\/h2>\n<p><strong>Visita guiada realizada por la historiadora Mireia Pons.<\/strong><\/p>\n<p><strong>\u00a0<\/strong><\/p>\n<p>En el marco de la doble exposici\u00f3n &#8220;<a href=\"http:\/\/esp.fundaciosetba.org\/arquitecturas-pintadas-xidc-1033\" target=\"_blank\" rel=\"noopener\">Arquitecturas pintadas<\/a>&#8221;\u00a0y &#8220;<a href=\"http:\/\/esp.fundaciosetba.org\/arquitecturas-desaparecidas-xidc-1052\" target=\"_blank\" rel=\"noopener\">Arquitecturas desaparecidas<\/a>&#8221;\u00a0<strong>la Fundaci\u00f3n Setba organiza los d\u00edas 1 i 21 de marzo de 2014 <\/strong>una visita guiada por Ciutat Vella que culminar\u00e1 en la misma Fundaci\u00f3n para ver la muestra y tomar una\u00a0cervesa.<\/p>\n<p>Barcelona ha sufrido muchas modificaciones estructurales y arquitect\u00f3nicas en los \u00faltimos 300 a\u00f1os. A partir de im\u00e1genes antiguas y a trav\u00e9s de su historia, nos adentraremos en los cambios m\u00e1s significativos que se han producido en Ciutat Vella, para descubrir que no todo es lo que parece y que la ciudad a\u00fan esconde muchos secretos.<\/p>\n<p>La ruta se iniciar\u00e1<strong>\u00a0en el Arco de Triunfo<\/strong>. Recorreremos el barrio de San Pere, Santa Caterina i la Ribera, nos adentraremos en el G\u00f3tico a trav\u00e9s de la Plaza de la Catedral y finalizaremos nuestro viaje hist\u00f3rico y arquitect\u00f3nico en la Plaza Real. La actividad durar\u00e1 en total unas 3 horas y tendr\u00e1 un precio de 12 \u20ac. Rogamos confirmar asistencia a \u00a0<a href=\"mailto:sandra@fundaciosetba.org\">sandra@fundaciosetba.org<\/a><\/p>\n<p><img decoding=\"async\" src=\"https:\/\/fundaciosetba.org\/wp-content\/uploads\/2021\/12\/FLYER-La-Barcelona-Desapareguda4.jpg\" alt='FLYER La Barcelona Desapareguda(4)' \/><\/p>\n","protected":false},"excerpt":{"rendered":"<p>Visita guiada realizada por la historiadora Mireia Pons.<\/p>\n","protected":false},"author":1,"featured_media":28275,"comment_status":"closed","ping_status":"closed","sticky":false,"template":"","format":"standard","meta":{"footnotes":""},"categories":[1090],"tags":[1281],"class_list":["post-28278","post","type-post","status-publish","format-standard","has-post-thumbnail","hentry","category-noticias","tag-arqpin-es-2"],"_links":{"self":[{"href":"https:\/\/fundaciosetba.org\/es\/wp-json\/wp\/v2\/posts\/28278","targetHints":{"allow":["GET"]}}],"collection":[{"href":"https:\/\/fundaciosetba.org\/es\/wp-json\/wp\/v2\/posts"}],"about":[{"href":"https:\/\/fundaciosetba.org\/es\/wp-json\/wp\/v2\/types\/post"}],"author":[{"embeddable":true,"href":"https:\/\/fundaciosetba.org\/es\/wp-json\/wp\/v2\/users\/1"}],"replies":[{"embeddable":true,"href":"https:\/\/fundaciosetba.org\/es\/wp-json\/wp\/v2\/comments?post=28278"}],"version-history":[{"count":1,"href":"https:\/\/fundaciosetba.org\/es\/wp-json\/wp\/v2\/posts\/28278\/revisions"}],"predecessor-version":[{"id":31044,"href":"https:\/\/fundaciosetba.org\/es\/wp-json\/wp\/v2\/posts\/28278\/revisions\/31044"}],"wp:featuredmedia":[{"embeddable":true,"href":"https:\/\/fundaciosetba.org\/es\/wp-json\/wp\/v2\/media\/28275"}],"wp:attachment":[{"href":"https:\/\/fundaciosetba.org\/es\/wp-json\/wp\/v2\/media?parent=28278"}],"wp:term":[{"taxonomy":"category","embeddable":true,"href":"https:\/\/fundaciosetba.org\/es\/wp-json\/wp\/v2\/categories?post=28278"},{"taxonomy":"post_tag","embeddable":true,"href":"https:\/\/fundaciosetba.org\/es\/wp-json\/wp\/v2\/tags?post=28278"}],"curies":[{"name":"wp","href":"https:\/\/api.w.org\/{rel}","templated":true}]}}