{"id":28280,"date":"2015-05-25T00:00:00","date_gmt":"2015-05-24T23:00:00","guid":{"rendered":"https:\/\/fundaciosetba.org\/arts-libris-2014\/"},"modified":"2022-04-12T09:28:25","modified_gmt":"2022-04-12T08:28:25","slug":"arts-libris-2014","status":"publish","type":"post","link":"https:\/\/fundaciosetba.org\/es\/arts-libris-2014\/","title":{"rendered":"Arts Libris 2014"},"content":{"rendered":"<h2>Arts Libris 2014<\/h2>\n<p style=\"text-align: right;\"><a href=\"https:\/\/fundaciosetba.org\/es\/tag\/artslibris-es\">Otras ediciones<\/a><\/p>\n<p><strong>Este a\u00f1o la Fundaci\u00f3n Setba vuelve a participar en Arts Libris y lo hace con obra, entre otros, de Guadalupe Masa, Mar\u00e7 Rabal, N\u00faria Rossell e Isidre Tolosa.<\/strong><\/p>\n<p>Arts Libris, Feria Internacional del Libro y Ediciones de Arte, Fotograf\u00eda y Dise\u00f1o de Barcelona, sigue creciendo y llega a su quinta edici\u00f3n. Unos cien expositores, entre galer\u00edas de arte y fotograf\u00eda, editores de bibliofilia contempor\u00e1nea y fotolibro, talleres artesanos, editoriales experimentales, librer\u00edas especializadas y escuelas de arte y dise\u00f1o, se reunir\u00e1n para mostrar sus \u00faltimos trabajos, obras y ediciones. Arts Libris se consolida como uno de los encuentros m\u00e1s importantes de arte, fotograf\u00eda y dise\u00f1o de toda Europa, igualando el n\u00famero de participantes y visitantes de otras ferias m\u00e1s consolidadas e incluso superando a muchas de ellas.<\/p>\n<p>Siempre nos ha empujado la voluntad de que Arts Libris fuera, adem\u00e1s de una feria, un evento cultural. Por ello, estamos trabajando en un extenso programa de actividades que incluya exposiciones, debates y talleres. La edici\u00f3n de este a\u00f1o est\u00e1 especialmente dedicada a la m\u00fasica. As\u00ed, este a\u00f1o, Arts Libris ocupar\u00e1 todo el espacio de Arts Santa M\u00f2nica, con las dos primeras plantas destinadas a los stands de los expositores, talleres y conferencias. En la tercera planta, por su parte, encontraremos los stands de las discogr\u00e1ficas, adem\u00e1s de un escenario donde tendr\u00e1n lugar una veintena de conciertos.<\/p>\n<p>Arts Libris se celebrar\u00e1 del 23 al 27 d\u2019abril de 2014 en Arts Santa M\u00f2nica. Como en ediciones anteriores, coincidiendo con la Diada de Sant Jordi: la fiesta de la literatura, pero tambi\u00e9n la fiesta de los libros como pieza de arte o de experimentaci\u00f3n gr\u00e1fica y de las ediciones especiales. Y es que, si como dijo Michel Butor, \u201clos \u00fanicos libros que nos interesar\u00e1n en el futuro son aquellos que puedan considerarse como obra de arte\u201d, nosotros trabajamos para que este futuro est\u00e9 lleno de ediciones y libros fascinantes y estimulantes.<\/p>\n<p><img loading=\"lazy\" decoding=\"async\" class=\"alignleft size-full wp-image-10864\" src=\"https:\/\/fundaciosetba.org\/wp-content\/uploads\/2015\/05\/Le-bout-Mar\u00e7-Rabal-p.jpg\" alt=\"Le bout - Mar\u00e7 Rabal - p\" width=\"943\" height=\"633\" \/><\/p>\n<p>&nbsp;<\/p>\n","protected":false},"excerpt":{"rendered":"<p>Este a\u00f1o la Fundaci\u00f3n Setba vuelve a participar en Arts Libris y lo hace con obra, entre otros, de Guadalupe Masa, Mar\u00e7 Rabal, N\u00faria Rossell e Isidre Tolosa.<\/p>\n","protected":false},"author":1,"featured_media":0,"comment_status":"closed","ping_status":"closed","sticky":false,"template":"","format":"standard","meta":{"footnotes":""},"categories":[1090],"tags":[],"class_list":["post-28280","post","type-post","status-publish","format-standard","hentry","category-noticias"],"_links":{"self":[{"href":"https:\/\/fundaciosetba.org\/es\/wp-json\/wp\/v2\/posts\/28280","targetHints":{"allow":["GET"]}}],"collection":[{"href":"https:\/\/fundaciosetba.org\/es\/wp-json\/wp\/v2\/posts"}],"about":[{"href":"https:\/\/fundaciosetba.org\/es\/wp-json\/wp\/v2\/types\/post"}],"author":[{"embeddable":true,"href":"https:\/\/fundaciosetba.org\/es\/wp-json\/wp\/v2\/users\/1"}],"replies":[{"embeddable":true,"href":"https:\/\/fundaciosetba.org\/es\/wp-json\/wp\/v2\/comments?post=28280"}],"version-history":[{"count":1,"href":"https:\/\/fundaciosetba.org\/es\/wp-json\/wp\/v2\/posts\/28280\/revisions"}],"predecessor-version":[{"id":31131,"href":"https:\/\/fundaciosetba.org\/es\/wp-json\/wp\/v2\/posts\/28280\/revisions\/31131"}],"wp:attachment":[{"href":"https:\/\/fundaciosetba.org\/es\/wp-json\/wp\/v2\/media?parent=28280"}],"wp:term":[{"taxonomy":"category","embeddable":true,"href":"https:\/\/fundaciosetba.org\/es\/wp-json\/wp\/v2\/categories?post=28280"},{"taxonomy":"post_tag","embeddable":true,"href":"https:\/\/fundaciosetba.org\/es\/wp-json\/wp\/v2\/tags?post=28280"}],"curies":[{"name":"wp","href":"https:\/\/api.w.org\/{rel}","templated":true}]}}