{"id":28281,"date":"2015-05-25T00:00:00","date_gmt":"2015-05-24T23:00:00","guid":{"rendered":"https:\/\/fundaciosetba.org\/el-universo-de-los-olores\/"},"modified":"2022-04-12T09:28:44","modified_gmt":"2022-04-12T08:28:44","slug":"el-universo-de-los-olores","status":"publish","type":"post","link":"https:\/\/fundaciosetba.org\/es\/el-universo-de-los-olores\/","title":{"rendered":"El universo de los olores"},"content":{"rendered":"<h2>El universo de los olores<\/h2>\n<p><strong>Conferencia a cargo de la empresa Lucta alrededor del perfume.<\/strong><\/p>\n<p>&nbsp;<\/p>\n<p>En el marco de la exposici\u00f3n &#8216;<a href=\"http:\/\/esp.fundaciosetba.org\/nasevo-y-los-olores-de-barcelona-xidc-1088\">NASEVO y los olores de Barcelona<\/a>&#8216; Montse Cuadradas, responsable de marketing de la secci\u00f3n de perfumenr\u00eda de l&#8217;a mpresa <a href=\"http:\/\/www.lucta.com\/\" target=\"_blank\" rel=\"noopener\">Lucta<\/a>, dar\u00e1 una conferencia alrededor de los perfumes, su creaci\u00f3n y desarrollo.<\/p>\n<p>Lucta es una empresa espa\u00f1ola dedicada a la fabricaci\u00f3n de fragancias, aromas y aditivos para nutrici\u00f3n animal, fundada en Barcelona en el a\u00f1o 1949.<\/p>\n<p>Entrada gratuita. <a href=\"mailto:info@fundaciosetba.org\">Rogamos confirmar asistencia.<\/a><\/p>\n<p><img decoding=\"async\" src=\"https:\/\/fundaciosetba.org\/wp-content\/uploads\/2015\/05\/INVITACI%C3%93-Confer%C3%A8ncia-Univers-de-les-olors.jpg\" alt=\"INVITACI\u00d3 Confer\u00e8ncia Univers de les olors\" \/><\/p>\n","protected":false},"excerpt":{"rendered":"<p>Conferencia a cargo de la empresa Lucta alrededor del perfume.<\/p>\n","protected":false},"author":1,"featured_media":0,"comment_status":"closed","ping_status":"closed","sticky":false,"template":"","format":"standard","meta":{"footnotes":""},"categories":[1090],"tags":[1261],"class_list":["post-28281","post","type-post","status-publish","format-standard","hentry","category-noticias","tag-nasevo-es-2"],"_links":{"self":[{"href":"https:\/\/fundaciosetba.org\/es\/wp-json\/wp\/v2\/posts\/28281","targetHints":{"allow":["GET"]}}],"collection":[{"href":"https:\/\/fundaciosetba.org\/es\/wp-json\/wp\/v2\/posts"}],"about":[{"href":"https:\/\/fundaciosetba.org\/es\/wp-json\/wp\/v2\/types\/post"}],"author":[{"embeddable":true,"href":"https:\/\/fundaciosetba.org\/es\/wp-json\/wp\/v2\/users\/1"}],"replies":[{"embeddable":true,"href":"https:\/\/fundaciosetba.org\/es\/wp-json\/wp\/v2\/comments?post=28281"}],"version-history":[{"count":1,"href":"https:\/\/fundaciosetba.org\/es\/wp-json\/wp\/v2\/posts\/28281\/revisions"}],"predecessor-version":[{"id":31134,"href":"https:\/\/fundaciosetba.org\/es\/wp-json\/wp\/v2\/posts\/28281\/revisions\/31134"}],"wp:attachment":[{"href":"https:\/\/fundaciosetba.org\/es\/wp-json\/wp\/v2\/media?parent=28281"}],"wp:term":[{"taxonomy":"category","embeddable":true,"href":"https:\/\/fundaciosetba.org\/es\/wp-json\/wp\/v2\/categories?post=28281"},{"taxonomy":"post_tag","embeddable":true,"href":"https:\/\/fundaciosetba.org\/es\/wp-json\/wp\/v2\/tags?post=28281"}],"curies":[{"name":"wp","href":"https:\/\/api.w.org\/{rel}","templated":true}]}}