{"id":28285,"date":"2015-05-25T00:00:00","date_gmt":"2015-05-24T23:00:00","guid":{"rendered":"https:\/\/fundaciosetba.org\/sabados-familiares-nasevo\/"},"modified":"2022-04-12T09:02:38","modified_gmt":"2022-04-12T08:02:38","slug":"sabados-familiares-nasevo","status":"publish","type":"post","link":"https:\/\/fundaciosetba.org\/es\/sabados-familiares-nasevo\/","title":{"rendered":"S\u00e1bados familiares: NASEVO"},"content":{"rendered":"<h2>S\u00e1bados familiares: NASEVO<\/h2>\n<p><strong>\u00bfPara qu\u00e9 cre\u00e9is que sirve la nariz? \u00a1En este taller descubriremos esto y un mont\u00f3n de cosas m\u00e1s, como los secretos del olfato o la relaci\u00f3n entre los colores y los olores!<\/strong><\/p>\n<p>&nbsp;<\/p>\n<p>\u00a1Los <a href=\"http:\/\/esp.fundaciosetba.org\/sabados-familiares-xidc-1077\">S\u00e1bados familiares<\/a>\u00a0son talleres para toda la familia que quieren acercar el arte a los m\u00e1s peque\u00f1os!<\/p>\n<p>Est\u00e1n dirigidos a ni\u00f1os de entre 6 y 12 a\u00f1os y tienen una duraci\u00f3n aproximada de dos horas. Se hace una visita guiada adaptada a los m\u00e1s peque\u00f1os y un taller relacionado con la exposici\u00f3n del momento.<\/p>\n<p>Durante los meses de abril y mayo el taller se centrar\u00e1 en el mundo de los olores con motivo de la exposici\u00f3n &#8216;<a href=\"http:\/\/esp.fundaciosetba.org\/nasevo-y-los-olores-de-barcelona-xidc-1088\" target=\"_blank\" rel=\"noopener\">Nasevo i los olores de Barcelona<\/a>&#8216;.<\/p>\n<p><img decoding=\"async\" src=\"https:\/\/fundaciosetba.org\/wp-content\/uploads\/2021\/12\/DISSABTES-FAMILIARS-Nasevo1.jpg\" alt='DISSABTES FAMILIARS Nasevo(1)' \/><\/p>\n<p><strong>Fechas: <\/strong>S\u00e1bado 5 de abril, 3 de mayo o 14 de junio\u00a0de 2014<\/p>\n<p><strong>Tallerista: <\/strong>Cristina Ag\u00e0pito, responsable colecci\u00f3n\u00a0<a href=\"http:\/\/www.olorvisual.com\/\" target=\"_blank\" rel=\"noopener\">olorVISUAL<\/a><\/p>\n<p><strong>Precio:<\/strong> 4\u20ac (s\u00f3lo pagan los adultos)<\/p>\n<p>\u00a1Incluye una bebida!<\/p>\n<p>&nbsp;<\/p>\n<p>Se debe confirmar asistencia a <a href=\"mailto:sandra@fundaciosetba.org\">sandra@fundaciosetba.org<\/a>\u00a0o por tel\u00e9fono al 93 481 36 96<\/p>\n","protected":false},"excerpt":{"rendered":"<p>\u00bfPara qu\u00e9 cre\u00e9is que sirve la nariz? \u00a1En este taller descubriremos esto y un mont\u00f3n de cosas m\u00e1s, como los secretos del olfato o la relaci\u00f3n entre los colores y los olores!<\/p>\n","protected":false},"author":1,"featured_media":28282,"comment_status":"closed","ping_status":"closed","sticky":false,"template":"","format":"standard","meta":{"footnotes":""},"categories":[1090],"tags":[1261],"class_list":["post-28285","post","type-post","status-publish","format-standard","has-post-thumbnail","hentry","category-noticias","tag-nasevo-es-2"],"_links":{"self":[{"href":"https:\/\/fundaciosetba.org\/es\/wp-json\/wp\/v2\/posts\/28285","targetHints":{"allow":["GET"]}}],"collection":[{"href":"https:\/\/fundaciosetba.org\/es\/wp-json\/wp\/v2\/posts"}],"about":[{"href":"https:\/\/fundaciosetba.org\/es\/wp-json\/wp\/v2\/types\/post"}],"author":[{"embeddable":true,"href":"https:\/\/fundaciosetba.org\/es\/wp-json\/wp\/v2\/users\/1"}],"replies":[{"embeddable":true,"href":"https:\/\/fundaciosetba.org\/es\/wp-json\/wp\/v2\/comments?post=28285"}],"version-history":[{"count":1,"href":"https:\/\/fundaciosetba.org\/es\/wp-json\/wp\/v2\/posts\/28285\/revisions"}],"predecessor-version":[{"id":31008,"href":"https:\/\/fundaciosetba.org\/es\/wp-json\/wp\/v2\/posts\/28285\/revisions\/31008"}],"wp:featuredmedia":[{"embeddable":true,"href":"https:\/\/fundaciosetba.org\/es\/wp-json\/wp\/v2\/media\/28282"}],"wp:attachment":[{"href":"https:\/\/fundaciosetba.org\/es\/wp-json\/wp\/v2\/media?parent=28285"}],"wp:term":[{"taxonomy":"category","embeddable":true,"href":"https:\/\/fundaciosetba.org\/es\/wp-json\/wp\/v2\/categories?post=28285"},{"taxonomy":"post_tag","embeddable":true,"href":"https:\/\/fundaciosetba.org\/es\/wp-json\/wp\/v2\/tags?post=28285"}],"curies":[{"name":"wp","href":"https:\/\/api.w.org\/{rel}","templated":true}]}}