{"id":28292,"date":"2015-05-25T00:00:00","date_gmt":"2015-05-24T23:00:00","guid":{"rendered":"https:\/\/fundaciosetba.org\/itinerario-bossa-nasevo\/"},"modified":"2022-04-12T09:03:02","modified_gmt":"2022-04-12T08:03:02","slug":"itinerario-bossa-nasevo","status":"publish","type":"post","link":"https:\/\/fundaciosetba.org\/es\/itinerario-bossa-nasevo\/","title":{"rendered":"Itinerario Bossa &#8211; Nasevo"},"content":{"rendered":"<h2>Itinerario Bossa &#8211; Nasevo<\/h2>\n<p><strong>\u00bfQuieres descubrir la relaci\u00f3n entre Nasevo y Joan Brossa?<\/strong><\/p>\n<p><img loading=\"lazy\" decoding=\"async\" class=\"aligncenter size-full wp-image-2526\" src=\"https:\/\/fundaciosetba.org\/wp-content\/uploads\/2021\/12\/FLYER-Itinerari-Nasevo-Brossa.jpg\" alt='FLYER Itinerari Nasevo - Brossa' width=\"999\" height=\"458\" \/><\/p>\n<p><img loading=\"lazy\" decoding=\"async\" class=\"alignleft wp-image-2530\" src=\"https:\/\/fundaciosetba.org\/wp-content\/uploads\/2021\/12\/Itinerari-Brossa-Nasevo-a-Les-Rambles.jpg\" alt='Itinerari Brossa - Nasevo a Les Rambles' width=\"210\" height=\"297\" \/><\/p>\n<p><strong>RUTA:<\/strong><\/p>\n<p>Plaza Catalunya | Monument a Francesc Maci\u00e0<br \/>\nFuente de Canaletes<br \/>\n\u201cPremio FAD Sebasti\u00e0 Gasch\u201d. La Rambla<br \/>\nIglesia del Betlem<br \/>\nPalacio de la Virreina<br \/>\nMercado de la Boquer\u00eda<br \/>\n\u201cPla de l\u2019\u00d3s\u201d. Mosaico de Joan Mir\u00f3<br \/>\nGran Teatro del Liceo<br \/>\nTeatro Principal<br \/>\nFundaci\u00f3n Setba | Exposici\u00f3n<em> <a href=\"http:\/\/esp.fundaciosetba.org\/nasevo-y-los-olores-de-barcelona-xidc-1088\" target=\"_blank\" rel=\"noopener\">Nasevo y los olores de Barcelona<\/a><\/em><\/p>\n<p><strong><strong>HORARIO:\u00a0<\/strong><\/strong>De 17 a 19h (La ruta se empieza en Plaza Catalunya, frente al monumento a Francesc Maci\u00e0, y termina en la Fundaci\u00f3n Setba).\u00a0<strong><span style=\"text-decoration: underline;\">Hay que estar en el punto de partida 15 minutos antes<\/span><\/strong><strong><span style=\"text-decoration: underline;\">.<\/span><\/strong><\/p>\n<p><strong><strong>PRECIO<\/strong>: <\/strong>10\u20ac<\/p>\n<p><strong><strong>SE TIENE QUE RESERVAR PLAZA<\/strong>: <\/strong>Por tel\u00e9fono al 93 481 36 96 o por mail a<a href=\"mailto:cristina@fundaciosetba.org\">cristina@fundaciosetba.org<\/a><\/p>\n<p><strong>\u00a0<\/strong><\/p>\n<p>La obra de Joan Brossa est\u00e1 alcanzando un reconocimiento cada vez m\u00e1s universal, y con ella, la condici\u00f3n de barcelon\u00e9s de ra\u00edz de nuestro poeta. \u00c9l, para quien la poes\u00eda sobrepasaba los g\u00e9neros, dej\u00f3 una huella importante para toda la ciudad a partir de la creaci\u00f3n de diferentes poemas corp\u00f3reos y poemas visuales.<\/p>\n<p>La ruta que os presentamos a continuaci\u00f3n es una de las propuestas que ofrece la Fundaci\u00f3n Setba, en colaboraci\u00f3n con la Fundaci\u00f3n Joan Brossa, para poder seguir la huella del poeta en Barcelona, \u200b\u200bconcretamente en las Ramblas, el popular eje que tanto admiraba Brossa y donde tanto le gustaba pasear.<\/p>\n<p>En el recorrido, descubriremos algunos de los poemas urbanos del poeta ligados al mundo del espect\u00e1culo, leeremos poemas de tem\u00e1tica realista y cotidiana, conoceremos los referentes literarios, art\u00edsticos y musicales de Brossa y trataremos la mirada cinematogr\u00e1fica de su obra. Todo ello, acompa\u00f1ado de la lectura de poemas o prosas en el que el escritor habla de estos lugares y con el apoyo de algunas im\u00e1genes. Adem\u00e1s, conoceremos la relaci\u00f3n entre el poeta y Nasevo, protagonista de la exposici\u00f3n que alberga la Fundaci\u00f3n Setba hasta mediados de junio.<\/p>\n<p>La ruta consta de diez puntos de inter\u00e9s que nos llevan desde la plaza Catalunya hasta la Fundaci\u00f3n Setba, sin olvidar otros lugares relevantes de la zona.<\/p>\n","protected":false},"excerpt":{"rendered":"<p>\u00bfQuieres descubrir la relaci\u00f3n entre Nasevo y Joan Brossa?<\/p>\n","protected":false},"author":1,"featured_media":28286,"comment_status":"closed","ping_status":"closed","sticky":false,"template":"","format":"standard","meta":{"footnotes":""},"categories":[1090],"tags":[1261],"class_list":["post-28292","post","type-post","status-publish","format-standard","has-post-thumbnail","hentry","category-noticias","tag-nasevo-es-2"],"_links":{"self":[{"href":"https:\/\/fundaciosetba.org\/es\/wp-json\/wp\/v2\/posts\/28292","targetHints":{"allow":["GET"]}}],"collection":[{"href":"https:\/\/fundaciosetba.org\/es\/wp-json\/wp\/v2\/posts"}],"about":[{"href":"https:\/\/fundaciosetba.org\/es\/wp-json\/wp\/v2\/types\/post"}],"author":[{"embeddable":true,"href":"https:\/\/fundaciosetba.org\/es\/wp-json\/wp\/v2\/users\/1"}],"replies":[{"embeddable":true,"href":"https:\/\/fundaciosetba.org\/es\/wp-json\/wp\/v2\/comments?post=28292"}],"version-history":[{"count":1,"href":"https:\/\/fundaciosetba.org\/es\/wp-json\/wp\/v2\/posts\/28292\/revisions"}],"predecessor-version":[{"id":31011,"href":"https:\/\/fundaciosetba.org\/es\/wp-json\/wp\/v2\/posts\/28292\/revisions\/31011"}],"wp:featuredmedia":[{"embeddable":true,"href":"https:\/\/fundaciosetba.org\/es\/wp-json\/wp\/v2\/media\/28286"}],"wp:attachment":[{"href":"https:\/\/fundaciosetba.org\/es\/wp-json\/wp\/v2\/media?parent=28292"}],"wp:term":[{"taxonomy":"category","embeddable":true,"href":"https:\/\/fundaciosetba.org\/es\/wp-json\/wp\/v2\/categories?post=28292"},{"taxonomy":"post_tag","embeddable":true,"href":"https:\/\/fundaciosetba.org\/es\/wp-json\/wp\/v2\/tags?post=28292"}],"curies":[{"name":"wp","href":"https:\/\/api.w.org\/{rel}","templated":true}]}}