{"id":28296,"date":"2014-05-16T00:00:00","date_gmt":"2014-05-15T23:00:00","guid":{"rendered":"https:\/\/fundaciosetba.org\/grans-i-artistes-2014-2\/"},"modified":"2022-04-12T09:29:40","modified_gmt":"2022-04-12T08:29:40","slug":"grans-i-artistes-2014-2","status":"publish","type":"post","link":"https:\/\/fundaciosetba.org\/es\/grans-i-artistes-2014-2\/","title":{"rendered":"Grans i Artistes 2014"},"content":{"rendered":"<h2 style=\"text-align: left;\">Grans i Artistes 2014<\/h2>\n<p style=\"text-align: right;\"><a href=\"https:\/\/fundaciosetba.org\/tag\/gransiartistes-es\">Otras ediciones<\/a><\/p>\n<p><strong>Taller de musicoterapia, dirigido a personas mayores, que culminar\u00e1 con un concierto en el Sal\u00f3n de Piedra del Ayuntamiento de Argentona.<\/strong><\/p>\n<p>La segunda edici\u00f3n del proyecto <em>Grans i Artistes<\/em>, dirigido a personas mayores, se centra en la musicoterapia.<\/p>\n<p>El taller se realizar\u00e1 en la Llar Santa Anna del 20 de mayo hasta el 1 de julio, cada martes de 11 a 12h y lo imparte la soprano y musicoterapeuta, Rosa Canal. <strong>Se trabajar\u00e1 la voz, el cuerpo, la relajaci\u00f3n y la interpretaci\u00f3n.<\/strong> Tambi\u00e9n se har\u00e1 una recopilaci\u00f3n con las canciones que han sido significativas para cada uno de los participantes, a lo largo de su vida, a modo de ejercicio para la <strong>memoria<\/strong>.<\/p>\n<p>Los abuelos y abuelas de la Llar Santa Anna har\u00e1n un concierto, junto con Rosa Canal, en el Sal\u00f3n de Piedra del Ayuntamiento de Argentona el jueves 3 de julio a las 18.30h.<\/p>\n<p><img loading=\"lazy\" decoding=\"async\" class=\"aligncenter size-full wp-image-2515\" src=\"https:\/\/fundaciosetba.org\/wp-content\/uploads\/2015\/05\/INVITACI%C3%93-Grans-i-Artistes-2014.jpg\" alt=\"INVITACI\u00d3 Grans i Artistes 2014\" width=\"2551\" height=\"1252\" \/><\/p>\n<p>Adem\u00e1s, se grabar\u00e1 un v\u00eddeo de todo el proceso y del concierto,que se presentar\u00e1 en el mismo Sal\u00f3n de Piedra el 17 de julio a las 19:30h.<\/p>\n<p><img decoding=\"async\" src=\"https:\/\/fundaciosetba.org\/wp-content\/uploads\/2021\/12\/Grans-i-artistes-2014-5.jpg\" alt='Grans i artistes 2014 (5)' \/><\/p>\n<p><strong>Natura i Cultura al Viver<\/strong><\/p>\n<p>En el marco de este proyecto, el s\u00e1bado 7 de junio se realizar\u00e1 la actividad\u00a0<em>Natura y Cultura<\/em>\u00a0en la casa de <a href=\"http:\/\/esp.gesviver.cat\/\" target=\"_blank\" rel=\"noopener\">El Viver de Argentona<\/a>. Una visita a este gran casal residencial edificado a principios del siglo XX y que cuenta con extensos jardines repletos de rincones rom\u00e1nticos, estatuas cl\u00e1sicas, estanques, una lonja y un templete, entre otros elementos de inter\u00e9s.<\/p>\n<p>Este a\u00f1o es el tercer a\u00f1o que se lleva a cabo esta jornada en colaboraci\u00f3n con la Llar Santa Ana. El narrador de cuentos Albert Estengre contar\u00e1 la historia de El Viver y, con motivo del centenario del nacimiento de Joan Vinyoli, realizar\u00e1 un espect\u00e1culo en homenaje al poeta.<\/p>\n<p>Tambi\u00e9n, el 2 de julio, la Fundaci\u00f3n Setba acoger\u00e1 un concierto de S\u00edlvia Bel y Silvia Comes en homenaje a Vinyoli.<\/p>\n","protected":false},"excerpt":{"rendered":"<p>Taller de musicoterapia, dirigido a personas mayores, que culminar\u00e1 con un concierto en el Sal\u00f3n de Piedra del Ayuntamiento de Argentona.<\/p>\n","protected":false},"author":1,"featured_media":0,"comment_status":"closed","ping_status":"closed","sticky":false,"template":"","format":"standard","meta":{"footnotes":""},"categories":[1090],"tags":[],"class_list":["post-28296","post","type-post","status-publish","format-standard","hentry","category-noticias"],"_links":{"self":[{"href":"https:\/\/fundaciosetba.org\/es\/wp-json\/wp\/v2\/posts\/28296","targetHints":{"allow":["GET"]}}],"collection":[{"href":"https:\/\/fundaciosetba.org\/es\/wp-json\/wp\/v2\/posts"}],"about":[{"href":"https:\/\/fundaciosetba.org\/es\/wp-json\/wp\/v2\/types\/post"}],"author":[{"embeddable":true,"href":"https:\/\/fundaciosetba.org\/es\/wp-json\/wp\/v2\/users\/1"}],"replies":[{"embeddable":true,"href":"https:\/\/fundaciosetba.org\/es\/wp-json\/wp\/v2\/comments?post=28296"}],"version-history":[{"count":1,"href":"https:\/\/fundaciosetba.org\/es\/wp-json\/wp\/v2\/posts\/28296\/revisions"}],"predecessor-version":[{"id":31143,"href":"https:\/\/fundaciosetba.org\/es\/wp-json\/wp\/v2\/posts\/28296\/revisions\/31143"}],"wp:attachment":[{"href":"https:\/\/fundaciosetba.org\/es\/wp-json\/wp\/v2\/media?parent=28296"}],"wp:term":[{"taxonomy":"category","embeddable":true,"href":"https:\/\/fundaciosetba.org\/es\/wp-json\/wp\/v2\/categories?post=28296"},{"taxonomy":"post_tag","embeddable":true,"href":"https:\/\/fundaciosetba.org\/es\/wp-json\/wp\/v2\/tags?post=28296"}],"curies":[{"name":"wp","href":"https:\/\/api.w.org\/{rel}","templated":true}]}}