{"id":28302,"date":"2014-09-01T00:00:00","date_gmt":"2014-08-31T23:00:00","guid":{"rendered":"https:\/\/fundaciosetba.org\/natura-escultura-2014\/"},"modified":"2022-04-12T09:32:30","modified_gmt":"2022-04-12T08:32:30","slug":"natura-escultura-2014","status":"publish","type":"post","link":"https:\/\/fundaciosetba.org\/es\/natura-escultura-2014\/","title":{"rendered":"Natura esCultura 2014"},"content":{"rendered":"<p>Tercera edici\u00f3n de este taller art\u00edstico en la naturaleza destinado a personas que conviven con enfermedades mentales.<\/p>\n<p>Los usuarios de Susoespai y de RADIO NIKOSIA participar\u00e1n en un taller que lleva por t\u00edtulo<em> Atrapar las sombras<\/em>impartido por la artista Marina Berdalet, los primeros del 15 al 19 de septiembre en educaci\u00f3n, Calders, y los segundos del 22 al 26 de septiembre en Cal Gras, Aviny\u00f3.<\/p>\n<p><strong>EL ENTORNO<\/strong><\/p>\n<p><a href=\"http:\/\/www.cacis.cat\/\" target=\"_blank\" rel=\"noopener\">CACiS<\/a> es el tercer a\u00f1o que colabora con la Fundaci\u00f3n Setba en este proyecto. Se trata de un emplazamiento \u00fanico, que le da una &#8220;plus&#8221; al proyecto y lo sit\u00faa en un contexto medioambiental reconocido tanto por la Generalidad de Catalu\u00f1a como internacionalmente. CACiS orienta sus esfuerzos a la creaci\u00f3n, difusi\u00f3n y estudio de los nuevos lenguajes del arte contempor\u00e1neo, la naturaleza y la sostenibilidad a nivel nacional e internacional.<\/p>\n<p><a href=\"http:\/\/www.calgras.cat\/\" target=\"_blank\" rel=\"noopener\">Cal Gras<\/a>, por su parte, es un centro cultural de producci\u00f3n art\u00edstica, que tambi\u00e9n funciona como albergue rural. Es un espacio abierto para la investigaci\u00f3n y la producci\u00f3n cultural y art\u00edstica, que quiere apoyar la creaci\u00f3n. Es nodo y punto de encuentro entre artistas y, al mismo tiempo, proveedor cultural en diferentes espacios del entorno.<\/p>\n<p><strong>EL PROYECTO<\/strong><\/p>\n<p>Taller art\u00edstico destinado a personas que conviven con enfermedades mentales, que se lleva a cabo en el entorno natural. Se organiz\u00f3 por primera vez en el a\u00f1o 2012, y tiene por objetivo utilizar el arte como terapia, como herramienta de integraci\u00f3n social y de concienciaci\u00f3n de la importancia de preservar el medio ambiente.<\/p>\n<p>Este proyecto, destinado a personas que conviven con la enfermedad mental, les ofrece la oportunidad de acercarse a la ARTE y a la NATURALEZA con el objetivo de crear un proyecto art\u00edstico bajo la direcci\u00f3n de artistas que son tambi\u00e9n terapeutas.<\/p>\n<p>El Natura esCultura recoge los tres pilares fundacionales y objetivos de la Fundaci\u00f3n Setba, ya que se trata de una actividad art\u00edstica, dirigida a personas que conviven con enfermedades mentales y con dos finalidades, una art\u00edstica y la otra de preservaci\u00f3n entorno natural.<\/p>\n<p>Este a\u00f1o, tambi\u00e9n se registrar\u00e1 la actividad y se elaborar\u00e1 <a href=\"http:\/\/esp.fundaciosetba.org\/proyeccion-natura-escultura-2014-xidc-1212\" target=\"_blank\" rel=\"noopener\">un reportaje que podr\u00e1 verse online<\/a>.<\/p>\n<p><img decoding=\"async\" src=\"https:\/\/fundaciosetba.org\/wp-content\/uploads\/2015\/05\/FLYER-Nadales-al-Viver-per-la-Marat%C3%B3-de-TV3_20142.jpg\" alt=\"FLYER Nadales al Viver per la Marat\u00f3 de TV3_2014\" \/><\/p>\n","protected":false},"excerpt":{"rendered":"<p>Proyecto art\u00edstico y social vinculado a la naturaleza y dirigido a personas que conviven con enfermedades mentales.<\/p>\n","protected":false},"author":1,"featured_media":0,"comment_status":"closed","ping_status":"closed","sticky":false,"template":"","format":"standard","meta":{"footnotes":""},"categories":[1090],"tags":[],"class_list":["post-28302","post","type-post","status-publish","format-standard","hentry","category-noticias"],"_links":{"self":[{"href":"https:\/\/fundaciosetba.org\/es\/wp-json\/wp\/v2\/posts\/28302","targetHints":{"allow":["GET"]}}],"collection":[{"href":"https:\/\/fundaciosetba.org\/es\/wp-json\/wp\/v2\/posts"}],"about":[{"href":"https:\/\/fundaciosetba.org\/es\/wp-json\/wp\/v2\/types\/post"}],"author":[{"embeddable":true,"href":"https:\/\/fundaciosetba.org\/es\/wp-json\/wp\/v2\/users\/1"}],"replies":[{"embeddable":true,"href":"https:\/\/fundaciosetba.org\/es\/wp-json\/wp\/v2\/comments?post=28302"}],"version-history":[{"count":1,"href":"https:\/\/fundaciosetba.org\/es\/wp-json\/wp\/v2\/posts\/28302\/revisions"}],"predecessor-version":[{"id":31159,"href":"https:\/\/fundaciosetba.org\/es\/wp-json\/wp\/v2\/posts\/28302\/revisions\/31159"}],"wp:attachment":[{"href":"https:\/\/fundaciosetba.org\/es\/wp-json\/wp\/v2\/media?parent=28302"}],"wp:term":[{"taxonomy":"category","embeddable":true,"href":"https:\/\/fundaciosetba.org\/es\/wp-json\/wp\/v2\/categories?post=28302"},{"taxonomy":"post_tag","embeddable":true,"href":"https:\/\/fundaciosetba.org\/es\/wp-json\/wp\/v2\/tags?post=28302"}],"curies":[{"name":"wp","href":"https:\/\/api.w.org\/{rel}","templated":true}]}}