{"id":28306,"date":"2014-11-01T00:00:00","date_gmt":"2014-10-31T23:00:00","guid":{"rendered":"https:\/\/fundaciosetba.org\/descubriendo-el-monstruo-2014\/"},"modified":"2022-04-12T09:32:21","modified_gmt":"2022-04-12T08:32:21","slug":"descubriendo-el-monstruo-2014","status":"publish","type":"post","link":"https:\/\/fundaciosetba.org\/es\/descubriendo-el-monstruo-2014\/","title":{"rendered":"Descubriendo el monstruo 2014"},"content":{"rendered":"<p>Acci\u00f3n art\u00edstica a la Plaza Real, en el marco del D\u00eda Internacional para la eliminaci\u00f3n de la violencia contra las mujeres.<\/p>\n<p>El 25 de noviembre y con motivo del D\u00eda Internacional para la Eliminaci\u00f3n de la Violencia contra las Mujeres, la Fundaci\u00f3n\u00a0Setba organiza <em>Descubriendo el monstruo<\/em>; una acci\u00f3n art\u00edstica en la Plaza Real que se realiz\u00f3 por primera vez en el a\u00f1o 2013\u00a0y que quiere dar visibilidad a la lacra de la violencia hacia las mujeres.<\/p>\n<p>Como el a\u00f1o pasado, durante el mes de noviembre hemos organizado un taller para mujeres que han sufrido violencia machista en\u00a0Palau Al\u00f3s.<\/p>\n<p><iframe loading=\"lazy\" src=\"https:\/\/www.youtube.com\/embed\/g-F3tfJF6GQ?rel=0\" width=\"853\" height=\"480\" frameborder=\"0\" allowfullscreen=\"allowfullscreen\"><\/iframe><\/p>\n<p>De la mano del tallerista Xavier Jansana y de una terapeuta de la Fundaci\u00f3n AGI, ocho mujeres han trabajado los conceptos\u00a0de MIEDO = PARALIZACI\u00d3N y de VALENT\u00cdA = ACCI\u00d3N.\u00a0La acci\u00f3n propuesta por el taller creativo de este a\u00f1o, ha consistido en trabajar sobre unos paneles con diversas t\u00e9cnicas\u00a0art\u00edsticas en torno de la figura de un monstruo bic\u00e9falo, construido con todos los miedos que bloquean las mujeres que han<br \/>\nsufrido este tipo de violencia. Estos paneles han rodeado el monstruo en el acto del d\u00eda 25, y las propias mujeres han\u00a0abierto las puertas para &#8220;descubrir&#8221; el monstruo que hab\u00eda detr\u00e1s.<\/p>\n<p>El acto ha sido conducido por la actriz Silvia Sabat\u00e9 y ha participado la cantante Violeta Curry. Adem\u00e1s, ha recibido el\u00a0apoyo del Ayuntamiento de Barcelona.<\/p>\n<p>&nbsp;<\/p>\n","protected":false},"excerpt":{"rendered":"<p>Acci\u00f3n art\u00edstica a la Plaza Real, en el marco del D\u00eda Internacional para la eliminaci\u00f3n de la violencia contra las mujeres.<\/p>\n","protected":false},"author":1,"featured_media":0,"comment_status":"closed","ping_status":"closed","sticky":false,"template":"","format":"standard","meta":{"footnotes":""},"categories":[1090],"tags":[],"class_list":["post-28306","post","type-post","status-publish","format-standard","hentry","category-noticias"],"_links":{"self":[{"href":"https:\/\/fundaciosetba.org\/es\/wp-json\/wp\/v2\/posts\/28306","targetHints":{"allow":["GET"]}}],"collection":[{"href":"https:\/\/fundaciosetba.org\/es\/wp-json\/wp\/v2\/posts"}],"about":[{"href":"https:\/\/fundaciosetba.org\/es\/wp-json\/wp\/v2\/types\/post"}],"author":[{"embeddable":true,"href":"https:\/\/fundaciosetba.org\/es\/wp-json\/wp\/v2\/users\/1"}],"replies":[{"embeddable":true,"href":"https:\/\/fundaciosetba.org\/es\/wp-json\/wp\/v2\/comments?post=28306"}],"version-history":[{"count":1,"href":"https:\/\/fundaciosetba.org\/es\/wp-json\/wp\/v2\/posts\/28306\/revisions"}],"predecessor-version":[{"id":31158,"href":"https:\/\/fundaciosetba.org\/es\/wp-json\/wp\/v2\/posts\/28306\/revisions\/31158"}],"wp:attachment":[{"href":"https:\/\/fundaciosetba.org\/es\/wp-json\/wp\/v2\/media?parent=28306"}],"wp:term":[{"taxonomy":"category","embeddable":true,"href":"https:\/\/fundaciosetba.org\/es\/wp-json\/wp\/v2\/categories?post=28306"},{"taxonomy":"post_tag","embeddable":true,"href":"https:\/\/fundaciosetba.org\/es\/wp-json\/wp\/v2\/tags?post=28306"}],"curies":[{"name":"wp","href":"https:\/\/api.w.org\/{rel}","templated":true}]}}