{"id":28321,"date":"2014-12-01T00:00:00","date_gmt":"2014-11-30T23:00:00","guid":{"rendered":"https:\/\/fundaciosetba.org\/villancicos-en-el-viver-2014\/"},"modified":"2022-04-12T09:29:33","modified_gmt":"2022-04-12T08:29:33","slug":"villancicos-en-el-viver-2014","status":"publish","type":"post","link":"https:\/\/fundaciosetba.org\/es\/villancicos-en-el-viver-2014\/","title":{"rendered":"Villancicos en El Viver 2014"},"content":{"rendered":"<h1>Villancicos en El Viver 2014<\/h1>\n<p style=\"text-align: right;\"><a href=\"https:\/\/fundaciosetba.org\/es\/tag\/marato-es\">Otras ediciones\u00a0<\/a><\/p>\n<p><strong>Cantada de villancicos en la\u00a0ermita de El Viver en benefici de la Marat\u00f3 de TV3 2014, destinada a les malalties del cor.<\/strong><\/p>\n<p>La Fundaci\u00f3n Setba y la Asociaci\u00f3n Nats 55 organizan, por segundo a\u00f1o consecutivo, un concierto de villancicos solidaria a la ermita de El Viver de Argentona. Los asistentes podr\u00e1n hacer un donativo que se destinar\u00e1 a la Marat\u00f3n de TV3 de este a\u00f1o.<\/p>\n<p>Adem\u00e1s, se podr\u00e1 visitar la exposici\u00f3n <a ref=\"magnificPopup\" href=\"\/userfiles\/files\/FLYER%20Atrapar%20les%20ombres%20-%20Natura%20%C3%A9sCultura%202014.jpg\"><em>Atrapar las sombras<\/em><\/a> con als obras del proyecto <a href=\"http:\/\/esp.fundaciosetba.org\/natura-escultura-2014-xidc-1184\" target=\"_blank\" rel=\"noopener\"><em>Natura esCultura 2014<\/em><\/a>.<\/p>\n<p><iframe loading=\"lazy\" src=\"http:\/\/www.youtube.com\/embed\/p-rnE74luk0?rel=0\" width=\"640\" height=\"360\" frameborder=\"0\" allowfullscreen=\"allowfullscreen\"><\/iframe><\/p>\n","protected":false},"excerpt":{"rendered":"<p>Cantada de nadales a l\u2019ermita d\u2019El Viver en benefici de la Marat\u00f3 de TV3 2014, destinada a les malalties del cor.<\/p>\n","protected":false},"author":1,"featured_media":0,"comment_status":"closed","ping_status":"closed","sticky":false,"template":"","format":"standard","meta":{"footnotes":""},"categories":[1090],"tags":[],"class_list":["post-28321","post","type-post","status-publish","format-standard","hentry","category-noticias"],"_links":{"self":[{"href":"https:\/\/fundaciosetba.org\/es\/wp-json\/wp\/v2\/posts\/28321","targetHints":{"allow":["GET"]}}],"collection":[{"href":"https:\/\/fundaciosetba.org\/es\/wp-json\/wp\/v2\/posts"}],"about":[{"href":"https:\/\/fundaciosetba.org\/es\/wp-json\/wp\/v2\/types\/post"}],"author":[{"embeddable":true,"href":"https:\/\/fundaciosetba.org\/es\/wp-json\/wp\/v2\/users\/1"}],"replies":[{"embeddable":true,"href":"https:\/\/fundaciosetba.org\/es\/wp-json\/wp\/v2\/comments?post=28321"}],"version-history":[{"count":1,"href":"https:\/\/fundaciosetba.org\/es\/wp-json\/wp\/v2\/posts\/28321\/revisions"}],"predecessor-version":[{"id":31142,"href":"https:\/\/fundaciosetba.org\/es\/wp-json\/wp\/v2\/posts\/28321\/revisions\/31142"}],"wp:attachment":[{"href":"https:\/\/fundaciosetba.org\/es\/wp-json\/wp\/v2\/media?parent=28321"}],"wp:term":[{"taxonomy":"category","embeddable":true,"href":"https:\/\/fundaciosetba.org\/es\/wp-json\/wp\/v2\/categories?post=28321"},{"taxonomy":"post_tag","embeddable":true,"href":"https:\/\/fundaciosetba.org\/es\/wp-json\/wp\/v2\/tags?post=28321"}],"curies":[{"name":"wp","href":"https:\/\/api.w.org\/{rel}","templated":true}]}}