{"id":28337,"date":"2015-05-25T00:00:00","date_gmt":"2015-05-24T23:00:00","guid":{"rendered":"https:\/\/fundaciosetba.org\/setba-zona-dart-inaugura-temporada-icat-fm-2\/"},"modified":"2015-05-25T00:00:00","modified_gmt":"2015-05-24T23:00:00","slug":"setba-zona-dart-inaugura-temporada-icat-fm-2","status":"publish","type":"post","link":"https:\/\/fundaciosetba.org\/es\/setba-zona-dart-inaugura-temporada-icat-fm-2\/","title":{"rendered":"Setba Zona d&#8217;Art inaugura temporada (iCat fm)"},"content":{"rendered":"<h2>Setba Zona d&#8217;Art inaugura temporada (iCat fm)<\/h2>\n<p><strong>Por Alba For\u00e9s<\/strong><\/p>\n<div class=\"box_grey\">\n<p>&nbsp;<\/p>\n<p>La galer\u00eda Setba de la Plaza Real de Barcelona cede su espacio a j\u00f3venes promesas del panorama art\u00edstico. Una decena de artistas emergentes menores de 30 a\u00f1os tienen ahora la oportunidad de presentar sus creaciones en una exposici\u00f3n abierta al p\u00fablico.<\/p>\n<p>Los participantes de la muestra han sido escogidos en colaboraci\u00f3n con el Stripart: la Muestra de Arte Joven de Horta y Guinard\u00f3, donde este a\u00f1o han expuesto m\u00e1s de un centenar de artistas.<\/p>\n<p>Setba Zona d\u2019Art inaugura de este modo la temporada 2010\/11 y se consolida, por tercer a\u00f1o consecutivo, como impulsora y mecenas de nuevos talentos en la ciudad de Barcelona.<\/p>\n<p>En esta edici\u00f3n, los artistas de la muestra proceden de diversos mundos art\u00edsticos como la pintura, la fotograf\u00eda, el dibujo o la v\u00eddeoinstalaci\u00f3n. Entre los seleccionados encontramos nombres como Inma Fierro, Rodrigo Mart\u00edn, Cristina Palomar o Santos Rom\u00e1n.<\/p>\n<p>Setba Zona d\u2019Art estrena temporada y acoge una muestra colectiva de 9 artistas emergentes. La puedes ver en la Plaza Real de Barcelona hasta el 31 de octubre.<\/p>\n<p><a href=\"http:\/\/www.icatfm.cat\/picatfm\/accessible\/item.jsp?seccio=icatfm&amp;item=wcc_noticia&amp;idint=116858\">http:\/\/www.icatfm.cat\/picatfm\/accessible\/item.jsp?seccio=icatfm&amp;item=wcc_noticia&amp;idint=116858<\/a><\/p>\n<\/div>\n","protected":false},"excerpt":{"rendered":"<p>Por Alba For\u00e9s<\/p>\n","protected":false},"author":1,"featured_media":0,"comment_status":"closed","ping_status":"closed","sticky":false,"template":"","format":"standard","meta":{"footnotes":""},"categories":[1090],"tags":[],"class_list":["post-28337","post","type-post","status-publish","format-standard","hentry","category-noticias"],"_links":{"self":[{"href":"https:\/\/fundaciosetba.org\/es\/wp-json\/wp\/v2\/posts\/28337","targetHints":{"allow":["GET"]}}],"collection":[{"href":"https:\/\/fundaciosetba.org\/es\/wp-json\/wp\/v2\/posts"}],"about":[{"href":"https:\/\/fundaciosetba.org\/es\/wp-json\/wp\/v2\/types\/post"}],"author":[{"embeddable":true,"href":"https:\/\/fundaciosetba.org\/es\/wp-json\/wp\/v2\/users\/1"}],"replies":[{"embeddable":true,"href":"https:\/\/fundaciosetba.org\/es\/wp-json\/wp\/v2\/comments?post=28337"}],"version-history":[{"count":0,"href":"https:\/\/fundaciosetba.org\/es\/wp-json\/wp\/v2\/posts\/28337\/revisions"}],"wp:attachment":[{"href":"https:\/\/fundaciosetba.org\/es\/wp-json\/wp\/v2\/media?parent=28337"}],"wp:term":[{"taxonomy":"category","embeddable":true,"href":"https:\/\/fundaciosetba.org\/es\/wp-json\/wp\/v2\/categories?post=28337"},{"taxonomy":"post_tag","embeddable":true,"href":"https:\/\/fundaciosetba.org\/es\/wp-json\/wp\/v2\/tags?post=28337"}],"curies":[{"name":"wp","href":"https:\/\/api.w.org\/{rel}","templated":true}]}}