{"id":28339,"date":"2015-05-25T00:00:00","date_gmt":"2015-05-24T23:00:00","guid":{"rendered":"https:\/\/fundaciosetba.org\/arte-joven-el-periodico-de-catalunya\/"},"modified":"2015-05-25T00:00:00","modified_gmt":"2015-05-24T23:00:00","slug":"arte-joven-el-periodico-de-catalunya","status":"publish","type":"post","link":"https:\/\/fundaciosetba.org\/es\/arte-joven-el-periodico-de-catalunya\/","title":{"rendered":"Arte Joven (El Peri\u00f3dico de Catalunya)"},"content":{"rendered":"<h2>Arte Joven (El Peri\u00f3dico de Catalunya)<\/h2>\n<p><strong>Ideas de Carles Duarte<\/strong><\/p>\n<p>&nbsp;<\/p>\n<p>La expresi\u00f3n art\u00edstica aparece en tiempos remotos. La encontramos ya en las pinturas rupestres de Altamira o El Cogul. El arte nos ha acompa\u00f1ado a trav\u00e9s de los siglos como una de las plasmaciones m\u00e1s conmovedoras y perdurables de la aventura humana. M\u00e1s all\u00e1 del esfuerzo cotidiano de afrontar los retos y las adversidades, hemos recorrido a la imaginaci\u00f3n y a la creatividad para construir belleza y para transmitir nuestras inquietudes \u00edntimas, las emociones que nos perturban, el v\u00e9rtigo ante la inmensidad del universo, la conciencia de una dimensi\u00f3n espiritual de nuestra existencia&#8230;<\/p>\n<p>Cada periodo hist\u00f3rico ha sido influido y reflejado por el arte. Y si tuvi\u00e9semos que explicar qui\u00e9nes somos, si tuvi\u00e9semos que hacer balance de lo que hemos sido capaces de ser a lo largo de las sucesivas generaciones, nos referir\u00edamos a cient\u00edficos, a m\u00fasicos, a pensadores, pero tambi\u00e9n a artistas. Mientras en las disciplinas t\u00e9cnicas y cient\u00edficas los conocimientos se actualizan y los nuevos descubrimientos cancelan la vigencia de teor\u00edas anteriores, en el arte se produce un tipo de espiral que se ensancha La pintura contempor\u00e1nea no arrincona los retablos g\u00f3ticos de <strong>Huguet<\/strong> ni la explosi\u00f3n de formas y colores de <strong>Mir\u00f3.<\/strong> En el escultor confluyen las nociones de progreso y experimentaci\u00f3n con una relectura de los cl\u00e1sicos. Pero es siempre fundamental la aportaci\u00f3n de los j\u00f3venes, de la mirada y la mente embriagadas de sue\u00f1o y de atrevimiento que cuestionan el pasado y dan con determinaci\u00f3n, sin el lastre de las rutinas y la reiteraci\u00f3n, pasos firmes hacia adelante. Debemos apostar por el arte joven. Como lo hace en su m\u00edtico local del n\u00famero 10 de la plaza Reial de Barcelona, la Fundaci\u00f3 Setba, que impulsa el incansable <strong>Dar\u00edo Olaortua.<\/strong> Lo hace cobijando y proyectando a creadores seleccionados en colaboraci\u00f3n con Stripart. Quedamos fascinados con los montajes fotogr\u00e1ficos de <strong>Santos Rom\u00e1n,<\/strong> con la escultura de <strong>Montserrat Valls Codina,<\/strong> con las im\u00e1genes de <strong>Cristina Palomar,<\/strong> con las instalaciones de <strong>Albert Llad\u00f3<\/strong> y <strong>Daniel Llamas,<\/strong> con las pinturas de <strong>Inma Fierro<\/strong> y <strong>Rodrigo Mart\u00edn&#8230;<\/strong> Y lo celebramos porque con ellos de nuevo, como hace miles de a\u00f1os, el arte nos clava en el coraz\u00f3n la herida que nos hace sentir m\u00e1s vivos.<\/p>\n<p><a href=\"http:\/\/www.elperiodico.com\/es\/noticias\/opinion\/20100921\/arte-joven\/489801.shtml\">http:\/\/www.elperiodico.com\/es\/noticias\/opinion\/20100921\/arte-joven\/489801.shtml<\/a><\/p>\n","protected":false},"excerpt":{"rendered":"<p>Ideas de Carles Duarte<\/p>\n","protected":false},"author":1,"featured_media":0,"comment_status":"closed","ping_status":"closed","sticky":false,"template":"","format":"standard","meta":{"footnotes":""},"categories":[1090],"tags":[971],"class_list":["post-28339","post","type-post","status-publish","format-standard","hentry","category-noticias","tag-setbajove10"],"_links":{"self":[{"href":"https:\/\/fundaciosetba.org\/es\/wp-json\/wp\/v2\/posts\/28339","targetHints":{"allow":["GET"]}}],"collection":[{"href":"https:\/\/fundaciosetba.org\/es\/wp-json\/wp\/v2\/posts"}],"about":[{"href":"https:\/\/fundaciosetba.org\/es\/wp-json\/wp\/v2\/types\/post"}],"author":[{"embeddable":true,"href":"https:\/\/fundaciosetba.org\/es\/wp-json\/wp\/v2\/users\/1"}],"replies":[{"embeddable":true,"href":"https:\/\/fundaciosetba.org\/es\/wp-json\/wp\/v2\/comments?post=28339"}],"version-history":[{"count":0,"href":"https:\/\/fundaciosetba.org\/es\/wp-json\/wp\/v2\/posts\/28339\/revisions"}],"wp:attachment":[{"href":"https:\/\/fundaciosetba.org\/es\/wp-json\/wp\/v2\/media?parent=28339"}],"wp:term":[{"taxonomy":"category","embeddable":true,"href":"https:\/\/fundaciosetba.org\/es\/wp-json\/wp\/v2\/categories?post=28339"},{"taxonomy":"post_tag","embeddable":true,"href":"https:\/\/fundaciosetba.org\/es\/wp-json\/wp\/v2\/tags?post=28339"}],"curies":[{"name":"wp","href":"https:\/\/api.w.org\/{rel}","templated":true}]}}