{"id":28341,"date":"2015-05-25T00:00:00","date_gmt":"2015-05-24T23:00:00","guid":{"rendered":"https:\/\/fundaciosetba.org\/setba-participa-en-la-exposicion-itinerante-temps-fugit\/"},"modified":"2015-05-25T00:00:00","modified_gmt":"2015-05-24T23:00:00","slug":"setba-participa-en-la-exposicion-itinerante-temps-fugit","status":"publish","type":"post","link":"https:\/\/fundaciosetba.org\/es\/setba-participa-en-la-exposicion-itinerante-temps-fugit\/","title":{"rendered":"Setba participa en la exposici\u00f3n itinerante &#8220;Temps fugit&#8221;"},"content":{"rendered":"<h2>Setba participa en la exposici\u00f3n itinerante &#8220;Temps fugit&#8221;<\/h2>\n<p><strong>Pep Camps, Rafael Ruz y Asunci\u00f3n&amp;Guasch son los artistas seleccionados<\/strong><\/p>\n<p>&nbsp;<\/p>\n<p>La Associaci\u00f3 (art) Catalunya presenta <strong>Temps fugit<\/strong>, una exposici\u00f3n itinerante sobre el paso del tiempo y la interpretaci\u00f3n art\u00edstica que se ha hecho a lo largo de la historia. En esta muestra se podr\u00e1n ver obras de 50 artistas representativos del siglo XX, entre los que se encuentran Salvador Dal\u00ed, Josep Guinovart, R\u00e0fols Casamada, Antoni T\u00e0pies, etc.<\/p>\n<p>Setba Zona d\u2019Art participa con Pep Camps, Rafael Ruz y Asunci\u00f3n&amp;Guasch. Las obras podr\u00e1n verse del 24 de septiembra al 25 de octubre en el edificio La Nau de Tossa de Mar.<\/p>\n<p>\u201cLa Associaci\u00f3 (art) Catalunya ha querido tratar un tema que est\u00e1 de rabiosa actualidad como es el del concepto de \u201ctiempo\u201d con la exposici\u00f3n \u201cTemps fugit\u201d que, comisariada por el cr\u00edtico Joan Gil Gregorio, pretende echar un vistazo al tratamiento pl\u00e1stico que nuestros creadores tienen de la temporalidad. Cincuenta artistas de distintas generaciones y de lenguas muy diversas \u2013la mayor\u00eda representados por nuestra asociaci\u00f3n- ofrecen un panorama enriquecedor que nos permite reflexionar y analizar sobre un asunto que ha sido investigado en profundidad a lo largo de la historia\u201d. Carme Espinet, Directora de Associaci\u00f3 (art) Catalunya.<\/p>\n<p>\u201cLa exposici\u00f3n \u201cTemps fugit\u201d se plantea como un viaje por la representaci\u00f3n del tiempo y la incidencia sobre el mundo art\u00edstico; una exposici\u00f3n de artistas contempor\u00e1neos de diferentes generaciones que confrontan estilos, lenguajes, percepciones y emociones con el objetivo de mostrar al visitante todos los aspectos de la temporalidad. La muestra propone una reflexi\u00f3n sobre las distintas maneras de entender el tiempo a trav\u00e9s de una selecci\u00f3n de propuestas que giran alrededor de la idea tan humana y tan irreversible como es el paso del tiempo\u201d. Joan Gil, Cr\u00edtico y comisario de la exposici\u00f3n.<\/p>\n","protected":false},"excerpt":{"rendered":"<p>Pep Camps, Rafael Ruz y Asunci\u00f3n&#038;Guasch son los artistas seleccionados<\/p>\n","protected":false},"author":1,"featured_media":0,"comment_status":"closed","ping_status":"closed","sticky":false,"template":"","format":"standard","meta":{"footnotes":""},"categories":[1090],"tags":[969],"class_list":["post-28341","post","type-post","status-publish","format-standard","hentry","category-noticias","tag-tempsfugit"],"_links":{"self":[{"href":"https:\/\/fundaciosetba.org\/es\/wp-json\/wp\/v2\/posts\/28341","targetHints":{"allow":["GET"]}}],"collection":[{"href":"https:\/\/fundaciosetba.org\/es\/wp-json\/wp\/v2\/posts"}],"about":[{"href":"https:\/\/fundaciosetba.org\/es\/wp-json\/wp\/v2\/types\/post"}],"author":[{"embeddable":true,"href":"https:\/\/fundaciosetba.org\/es\/wp-json\/wp\/v2\/users\/1"}],"replies":[{"embeddable":true,"href":"https:\/\/fundaciosetba.org\/es\/wp-json\/wp\/v2\/comments?post=28341"}],"version-history":[{"count":0,"href":"https:\/\/fundaciosetba.org\/es\/wp-json\/wp\/v2\/posts\/28341\/revisions"}],"wp:attachment":[{"href":"https:\/\/fundaciosetba.org\/es\/wp-json\/wp\/v2\/media?parent=28341"}],"wp:term":[{"taxonomy":"category","embeddable":true,"href":"https:\/\/fundaciosetba.org\/es\/wp-json\/wp\/v2\/categories?post=28341"},{"taxonomy":"post_tag","embeddable":true,"href":"https:\/\/fundaciosetba.org\/es\/wp-json\/wp\/v2\/tags?post=28341"}],"curies":[{"name":"wp","href":"https:\/\/api.w.org\/{rel}","templated":true}]}}