{"id":28346,"date":"2015-05-25T00:00:00","date_gmt":"2015-05-24T23:00:00","guid":{"rendered":"https:\/\/fundaciosetba.org\/setba-jove-2010-en-btv\/"},"modified":"2015-05-25T00:00:00","modified_gmt":"2015-05-24T23:00:00","slug":"setba-jove-2010-en-btv","status":"publish","type":"post","link":"https:\/\/fundaciosetba.org\/es\/setba-jove-2010-en-btv\/","title":{"rendered":"Setba Jove 2010 en BTV"},"content":{"rendered":"<h2>Setba Jove 2010 en BTV<\/h2>\n<p><strong>Agenda Barcelona Cultura<\/strong><\/p>\n<p>&nbsp;<\/p>\n<p>Barcelona Televisi\u00f3 propone Setba Jove en su agenda cultural del d\u00eda 7 de septiembre. Puedes ver el v\u00eddeo en el siguiente link:<\/p>\n<p><a href=\"http:\/\/www.btv.cat\/alacarta\/player.php?idProgVSD=10033\">http:\/\/www.btv.cat\/alacarta\/player.php?idProgVSD=10033<\/a>#<\/p>\n","protected":false},"excerpt":{"rendered":"<p>Agenda Barcelona Cultura<\/p>\n","protected":false},"author":1,"featured_media":0,"comment_status":"closed","ping_status":"closed","sticky":false,"template":"","format":"standard","meta":{"footnotes":""},"categories":[1090],"tags":[971],"class_list":["post-28346","post","type-post","status-publish","format-standard","hentry","category-noticias","tag-setbajove10"],"_links":{"self":[{"href":"https:\/\/fundaciosetba.org\/es\/wp-json\/wp\/v2\/posts\/28346","targetHints":{"allow":["GET"]}}],"collection":[{"href":"https:\/\/fundaciosetba.org\/es\/wp-json\/wp\/v2\/posts"}],"about":[{"href":"https:\/\/fundaciosetba.org\/es\/wp-json\/wp\/v2\/types\/post"}],"author":[{"embeddable":true,"href":"https:\/\/fundaciosetba.org\/es\/wp-json\/wp\/v2\/users\/1"}],"replies":[{"embeddable":true,"href":"https:\/\/fundaciosetba.org\/es\/wp-json\/wp\/v2\/comments?post=28346"}],"version-history":[{"count":0,"href":"https:\/\/fundaciosetba.org\/es\/wp-json\/wp\/v2\/posts\/28346\/revisions"}],"wp:attachment":[{"href":"https:\/\/fundaciosetba.org\/es\/wp-json\/wp\/v2\/media?parent=28346"}],"wp:term":[{"taxonomy":"category","embeddable":true,"href":"https:\/\/fundaciosetba.org\/es\/wp-json\/wp\/v2\/categories?post=28346"},{"taxonomy":"post_tag","embeddable":true,"href":"https:\/\/fundaciosetba.org\/es\/wp-json\/wp\/v2\/tags?post=28346"}],"curies":[{"name":"wp","href":"https:\/\/api.w.org\/{rel}","templated":true}]}}