{"id":28350,"date":"2015-05-25T00:00:00","date_gmt":"2015-05-24T23:00:00","guid":{"rendered":"https:\/\/fundaciosetba.org\/la-consul-de-mexico-visita-setba\/"},"modified":"2015-05-25T00:00:00","modified_gmt":"2015-05-24T23:00:00","slug":"la-consul-de-mexico-visita-setba","status":"publish","type":"post","link":"https:\/\/fundaciosetba.org\/es\/la-consul-de-mexico-visita-setba\/","title":{"rendered":"La c\u00f3nsul de M\u00e9xico visita Setba"},"content":{"rendered":"<h2>La c\u00f3nsul de M\u00e9xico visita Setba<\/h2>\n<p><strong>La diplom\u00e1tica asisti\u00f3 a la galer\u00eda con motivo de la cata de tequila<\/strong><\/p>\n<p>&nbsp;<\/p>\n<p>La c\u00f3nsul de M\u00e9xico en Barcelona, Francesca E. M\u00e9ndez Escobar, junto a dos miembros de su\u00a0equipo, asisiti\u00f3 a Setba Zona d&#8217;Art con motivo de la inauguraci\u00f3n de la exposici\u00f3n del artista de Oaxaca Manuel de Cisneros y la realizaci\u00f3n\u00a0de una cata de tequila. Ambos actos\u00a0tuvieron lugar\u00a0el 9 de septiembre en la galer\u00eda, y se enmarcaron en las celebraciones del bicentenario de la independencia mexicana. En la foto, la diplom\u00e1tica posa junto con el director de Setba, Dar\u00edo Olaort\u00faa, y la responsable del espacio, Ver\u00f3nica de Sep\u00falveda.<\/p>\n<p><img decoding=\"async\" src=\"https:\/\/fundaciosetba.org\/wp-content\/uploads\/2021\/12\/img-la-vida-es-puta-20100914100830.jpg\" alt='img-la-vida-es-puta-20100914100830' \/><\/p>\n","protected":false},"excerpt":{"rendered":"<p>La diplom\u00e1tica asisti\u00f3 a la galer\u00eda con motivo de la cata de tequila<\/p>\n","protected":false},"author":1,"featured_media":28347,"comment_status":"closed","ping_status":"closed","sticky":false,"template":"","format":"standard","meta":{"footnotes":""},"categories":[1090],"tags":[],"class_list":["post-28350","post","type-post","status-publish","format-standard","has-post-thumbnail","hentry","category-noticias"],"_links":{"self":[{"href":"https:\/\/fundaciosetba.org\/es\/wp-json\/wp\/v2\/posts\/28350","targetHints":{"allow":["GET"]}}],"collection":[{"href":"https:\/\/fundaciosetba.org\/es\/wp-json\/wp\/v2\/posts"}],"about":[{"href":"https:\/\/fundaciosetba.org\/es\/wp-json\/wp\/v2\/types\/post"}],"author":[{"embeddable":true,"href":"https:\/\/fundaciosetba.org\/es\/wp-json\/wp\/v2\/users\/1"}],"replies":[{"embeddable":true,"href":"https:\/\/fundaciosetba.org\/es\/wp-json\/wp\/v2\/comments?post=28350"}],"version-history":[{"count":0,"href":"https:\/\/fundaciosetba.org\/es\/wp-json\/wp\/v2\/posts\/28350\/revisions"}],"wp:featuredmedia":[{"embeddable":true,"href":"https:\/\/fundaciosetba.org\/es\/wp-json\/wp\/v2\/media\/28347"}],"wp:attachment":[{"href":"https:\/\/fundaciosetba.org\/es\/wp-json\/wp\/v2\/media?parent=28350"}],"wp:term":[{"taxonomy":"category","embeddable":true,"href":"https:\/\/fundaciosetba.org\/es\/wp-json\/wp\/v2\/categories?post=28350"},{"taxonomy":"post_tag","embeddable":true,"href":"https:\/\/fundaciosetba.org\/es\/wp-json\/wp\/v2\/tags?post=28350"}],"curies":[{"name":"wp","href":"https:\/\/api.w.org\/{rel}","templated":true}]}}