{"id":28351,"date":"2015-05-25T00:00:00","date_gmt":"2015-05-24T23:00:00","guid":{"rendered":"https:\/\/fundaciosetba.org\/el-disco-de-vinilo-protagoniza-la-ii-edicion-de-la-tardor-de-lart\/"},"modified":"2015-05-25T00:00:00","modified_gmt":"2015-05-24T23:00:00","slug":"el-disco-de-vinilo-protagoniza-la-ii-edicion-de-la-tardor-de-lart","status":"publish","type":"post","link":"https:\/\/fundaciosetba.org\/es\/el-disco-de-vinilo-protagoniza-la-ii-edicion-de-la-tardor-de-lart\/","title":{"rendered":"El disco de vinilo protagoniza la II edici\u00f3n de la Tardor de l&#8217;art"},"content":{"rendered":"<h2>El disco de vinilo protagoniza la II edici\u00f3n de la Tardor de l&#8217;art<\/h2>\n<p><strong>M\u00e1s de 70 galer\u00edas de toda Catalu\u00f1a participan en la iniciativa<\/strong><\/p>\n<p>&nbsp;<\/p>\n<p><strong>Del 7 al 30 de octubre se celebrar\u00e1 en Catalu\u00f1a, por segundo a\u00f1o consecutivo, la Tardor de l\u2019Art, una iniciativa impulsada por el sector de galeristas de Catalu\u00f1a, que pretende crear una programaci\u00f3n cultural dise\u00f1ada para acercar las galer\u00edas a los ciudadanos.<\/strong><\/p>\n<p>En esta edici\u00f3n, la Tardor de l\u2019Art tendr\u00e1 un nexo com\u00fan entre todas las galer\u00edas participantes: el disco de vinilo. <strong>Cada una de las galer\u00edas ha encargado a uno de sus artistas una sola obra de arte realizada con discos de vinilo.<\/strong> El protagonista de este a\u00f1o es un objeto vinculado a la visi\u00f3n m\u00e1s rom\u00e1ntica de la m\u00fasica, anhelo de muchos coleccionistas y mel\u00f3manos. El vinilo ha permitido la difusi\u00f3n de la cultura, la experiencia art\u00edstica vital durante d\u00e9cadas y nunca ha desaparecido, como las cosas que son verdaderas, como el arte. Adem\u00e1s, en los \u00faltimos a\u00f1os est\u00e1 viviendo un proceso de resurrecci\u00f3n gracias a aquellos que buscan la pureza de la m\u00fasica.<\/p>\n<p>El vinilo tambi\u00e9n es un objeto con un gran potencial visual que, vinculado hist\u00f3ricamente a la creaci\u00f3n art\u00edstica, permite una gran libertad creativa. Si el envoltorio de estos soportes a adquirido categor\u00eda de obra de arte en si misma (artistas como Andy Warhol, Karel Appel, Tom Wesselmans, Yves Klein entre otros fueros algunos de los artistas creadores de estas portadas), tomando como inspiraci\u00f3n a Marcel Duchamp, se pens\u00f3 en el vinilo para convertir un objeto privado en una obra p\u00fablica. Se transforma el objeto cotidiano en una obra \u00fanica y perdurable en el tiempo. <strong>Los artistas tendr\u00e1n la m\u00e1s absoluta libertad en la creaci\u00f3n de su obra: pueden ser cuadros, fotograf\u00edas, instalaciones, performances, esculturas, etc.<\/strong><\/p>\n<p>Todas las piezas participantes estar\u00e1n reproducidas en un cat\u00e1logo conjunto del proyecto y este cat\u00e1logo ser\u00e1 por \u00e9l mismo una pieza de arte \u00fanica, ya que llevar\u00e1 incorporado un vinilo. Adem\u00e1s tambi\u00e9n se programar\u00e1n acciones y actividades paralelas para vincular todas las obras que forman la Tardor de l\u2019Art.<\/p>\n<p><strong>Las galer\u00edas catalanas viven un periodo de gran vitalidad y dinamismo y, fruto de esto, se propone esta experiencia \u00fanica para el p\u00fablico, que podr\u00e1 acceder a la gran mayor\u00eda de galer\u00edas de Catalu\u00f1a para vivir un oto\u00f1o lleno de creatividad. El objetivo es que el arte se viva, que entretenga y que haga pensar, que se hable de \u00e9l y, sobretodo, que nazcan nuevos apasionados.<\/strong><\/p>\n<p>La Tardor de l\u2019Art es una iniciativa impulsada por las cuatro asociaciones de galer\u00edas de Catalu\u00f1a: el Gremi de Galeries d\u2019Art de Catalunya (GGAC), l\u2019associaci\u00f3 Art Barcelona (Abe), l\u2019Associaci\u00f3 (art) Catalunya i l\u2019Associaci\u00f3 de Galeristes Independents d\u2019Art de Catalunya (GIC), y cuenta con el apoyo del Departament de Cultura i Mitjans de Comunicaci\u00f3, a trav\u00e9s de l\u2019Institut Catal\u00e0 de les Ind\u00fastries Culturals (ICIC).<\/p>\n<p>Setba Zona d&#8217;Art participa en la Tardor de l&#8217;Art con la obra &#8216;Tons&#8217; de Pep Camps.<\/p>\n<p><a href=\"http:\/\/www.tardorart.com\/\">www.tardorart.com<\/a><\/p>\n<p><strong>LAS GALERIAS, MUSEOS\u00a0Y CENTROS CULTURALES PARTICIPANTES<\/strong><\/p>\n<p><strong>Gremi de Galeries d\u2019Art de Catalunya (GGAC):<\/strong><br \/>\nAB Granollers (Granollers, Barcelona)<br \/>\nAGORA (Sitges, Barcelona)<br \/>\nAMBIT (Barcelona)<br \/>\nANQUIN\u2019S (Reus, Tarragona)<br \/>\nART PETRIXOL (Barcelona)<br \/>\nART WINDOW (Barcelona)<br \/>\nATELIER (Barcelona)<br \/>\nBEASKOA (Barcelona)<br \/>\nCONTRAST (Barcelona)<br \/>\nEL QUATRE (Granollers, Barcelona)<br \/>\nESPAI LLUIS RIBAS (Sant Cugat, Barcelona)<br \/>\nESTHER ARIAS (Barcelona)<br \/>\nGALERIA A. CORTINA (Barcelona)<br \/>\nGALERIA ART DAMA (Calafell, Girona)<br \/>\nGALERIA ARTEVISTAS (Barcelona)<br \/>\nGALERIA COMAS (Barcelona)<br \/>\nGALERIA ROSER NOGUERA (St. Just Desvern, Barcelona)<br \/>\nGALERIA TUSET (Barcelona)<br \/>\nGALERIA VILA D\u2019ART (Viladrau, Barcelona)<br \/>\nIMAGINART GALLERY ( Barcelona)<br \/>\nISMES JORDI CABDET (Vilanova i la Geltr\u00fa, Barcelona)<br \/>\nJORDI BARNADAS (Barcelona)<br \/>\nMIQUEL ALZUETA (Barcelona)<br \/>\nMONTCADA GALERIA (Barcelona)<br \/>\nPIRAMID\u00d3N (Barcelona)<br \/>\nSALA DALMAU (Barcelona)<br \/>\nSALA PAR\u00c9S (Barcelona)<br \/>\nSALA RUSI\u00d1OL (Sant Cugat del Vall\u00e8s, Barcelona)<br \/>\nSILVIA SENACHERIBO (Barcelona)<br \/>\nTRA\u00c7 D\u2019ART (Sabadell, Barcelona)<\/p>\n<p><strong>Associaci\u00f3 de Galeristes Independents d\u2019Art de Catalunya (GIC):<\/strong><br \/>\nADN (Barcelona)<\/p>\n<p><strong>Associaci\u00f3 de Galeries d\u2019Art Contemporani (Abe):<\/strong><br \/>\n3 PUNTS (Barcelona)<br \/>\nFIDEL BALAGUER (Barcelona)<br \/>\nGALERIA ALONSO VIDAL (Barcelona)<br \/>\nGALERIA CARLES TACHE (Barcelona)<br \/>\nGALERIA H20 (Barcelona)<br \/>\nGALERIA MITO (Barcelona)<br \/>\nGALERIA SAFIA (Barcelona)<br \/>\nGALERIA SENDA (Barcelona)<br \/>\nGALER\u00cdA TRAMA (Barcelona)<br \/>\nKOWASA GALLERY (Barcelona)<br \/>\nMARLBOROUGH (Barcelona)<br \/>\nMASaRT (Barcelona)<br \/>\nN2 (Barcelona)<br \/>\nRAI\u00d1A LUPA (Barcelona)<\/p>\n<p><strong>Associaci\u00f3 (art) Catalunya:<\/strong><br \/>\nANTONI PINYOL (Reus, Tarragona)<br \/>\nART CENTRE (Barcelona)<br \/>\nCAL TALAVER\u00d3 CENTRE D\u2019ART (Verd\u00fa, Lleida)<br \/>\nCANALS GALERIA D\u2019ART (Sant Cugat, Barcelona)<br \/>\nCARME ESPINET (Barcelona)<br \/>\nESPAI CAVALLERS 31-33 (Lleida)<br \/>\nESPAI G D\u2019ART (Terrassa, Barcelona)<br \/>\nGALERIA PAQUI DELGADO (St.Sadurn\u00ed d\u2019Anoia, Barcelona)<br \/>\nJOAN PLANELLAS (Tossa de Mar, Barcelona)<br \/>\nMARGES U (Cadaqu\u00e9s, Girona)<br \/>\nSALA MARAGALL (Barcelona)<br \/>\nSETBA ZONA D\u2019ART (Barcelona)<\/p>\n<p><strong>Galeries no associadas:<\/strong><br \/>\nART &amp; DESIGN BARCELONA (Barcelona)<br \/>\nCRISOLART (Barcelona)<br \/>\nEGO GALLERY (Barcelona)<br \/>\nESPAI (B) GALERIA (Barcelona)<br \/>\nGALERIA VALID FOTO BCN (Barcelona)<br \/>\nGALERIA ILUMINARTE (Barcelona)<br \/>\nGALERIA ZERO (Barcelona)<br \/>\nIL MONDO-Asociaci\u00f3 Fotogr\u00e0fica (Barcelona)<br \/>\nLA FRUTERIA (Barcelona)<br \/>\nMONTSERRAT COSTA ART (Barcelona)<br \/>\nNIU. ESPAI ART\u00cdSTIC CONTEMPORANI (Barcelona)<br \/>\nTATIANA KOUROTCHKINA (Barcelona)<br \/>\nVERNISSAGE GALERIA D\u2019ART (Castelldefels, Barcelona)<br \/>\nELEPHANT SHOWROOM DE ARTE (Barcelona)<\/p>\n<p><strong>Museos\u00a0y Centros Culturales:<\/strong><br \/>\nMACBA (Barcelona)<br \/>\nFAD (Barcelona)<\/p>\n","protected":false},"excerpt":{"rendered":"<p>M\u00e1s de 70 galer\u00edas de toda Catalu\u00f1a participan en la iniciativa<\/p>\n","protected":false},"author":1,"featured_media":0,"comment_status":"closed","ping_status":"closed","sticky":false,"template":"","format":"standard","meta":{"footnotes":""},"categories":[1090],"tags":[1010],"class_list":["post-28351","post","type-post","status-publish","format-standard","hentry","category-noticias","tag-tardorart10"],"_links":{"self":[{"href":"https:\/\/fundaciosetba.org\/es\/wp-json\/wp\/v2\/posts\/28351","targetHints":{"allow":["GET"]}}],"collection":[{"href":"https:\/\/fundaciosetba.org\/es\/wp-json\/wp\/v2\/posts"}],"about":[{"href":"https:\/\/fundaciosetba.org\/es\/wp-json\/wp\/v2\/types\/post"}],"author":[{"embeddable":true,"href":"https:\/\/fundaciosetba.org\/es\/wp-json\/wp\/v2\/users\/1"}],"replies":[{"embeddable":true,"href":"https:\/\/fundaciosetba.org\/es\/wp-json\/wp\/v2\/comments?post=28351"}],"version-history":[{"count":0,"href":"https:\/\/fundaciosetba.org\/es\/wp-json\/wp\/v2\/posts\/28351\/revisions"}],"wp:attachment":[{"href":"https:\/\/fundaciosetba.org\/es\/wp-json\/wp\/v2\/media?parent=28351"}],"wp:term":[{"taxonomy":"category","embeddable":true,"href":"https:\/\/fundaciosetba.org\/es\/wp-json\/wp\/v2\/categories?post=28351"},{"taxonomy":"post_tag","embeddable":true,"href":"https:\/\/fundaciosetba.org\/es\/wp-json\/wp\/v2\/tags?post=28351"}],"curies":[{"name":"wp","href":"https:\/\/api.w.org\/{rel}","templated":true}]}}