{"id":28437,"date":"2015-05-26T00:00:00","date_gmt":"2015-05-25T23:00:00","guid":{"rendered":"https:\/\/fundaciosetba.org\/btv-entrevista-en-directo-a-jose-antonio-sancho\/"},"modified":"2015-05-26T00:00:00","modified_gmt":"2015-05-25T23:00:00","slug":"btv-entrevista-en-directo-a-jose-antonio-sancho","status":"publish","type":"post","link":"https:\/\/fundaciosetba.org\/es\/btv-entrevista-en-directo-a-jose-antonio-sancho\/","title":{"rendered":"BTV entrevista en directo a Jos\u00e9 Antonio Sancho"},"content":{"rendered":"<h2>BTV entrevista en directo a Jos\u00e9 Antonio Sancho<\/h2>\n<p><strong>El programa Connexi\u00f3 Barcelona recomienda &#8220;Barcelona canalla y sublime&#8221;<\/strong><\/p>\n<p>&nbsp;<\/p>\n<p>El programa Connexi\u00f3 Barcelona de BTV conect\u00f3 en directo desde setba para entrevistar al fotogr\u00e1fo Jos\u00e9 Antonio Sancho, que mostr\u00f3 la exposici\u00f3n &#8220;Barcelona canalla y sublime&#8221; justo antes de su inauguraci\u00f3n. La entrevista puede verse en en el minuto 60&#8242; del v\u00eddeo al que remite el siguiente enlace.<\/p>\n<p><a href=\"http:\/\/www.btv.cat\/alacarta\/connexio-barcelona\/2740\/\">http:\/\/www.btv.cat\/alacarta\/connexio-barcelona\/2740\/<\/a><\/p>\n","protected":false},"excerpt":{"rendered":"<p>El programa Connexi\u00f3 Barcelona recomienda &#8220;Barcelona canalla y sublime&#8221;<\/p>\n","protected":false},"author":1,"featured_media":0,"comment_status":"closed","ping_status":"closed","sticky":false,"template":"","format":"standard","meta":{"footnotes":""},"categories":[1090],"tags":[965],"class_list":["post-28437","post","type-post","status-publish","format-standard","hentry","category-noticias","tag-bcncanalla"],"_links":{"self":[{"href":"https:\/\/fundaciosetba.org\/es\/wp-json\/wp\/v2\/posts\/28437","targetHints":{"allow":["GET"]}}],"collection":[{"href":"https:\/\/fundaciosetba.org\/es\/wp-json\/wp\/v2\/posts"}],"about":[{"href":"https:\/\/fundaciosetba.org\/es\/wp-json\/wp\/v2\/types\/post"}],"author":[{"embeddable":true,"href":"https:\/\/fundaciosetba.org\/es\/wp-json\/wp\/v2\/users\/1"}],"replies":[{"embeddable":true,"href":"https:\/\/fundaciosetba.org\/es\/wp-json\/wp\/v2\/comments?post=28437"}],"version-history":[{"count":0,"href":"https:\/\/fundaciosetba.org\/es\/wp-json\/wp\/v2\/posts\/28437\/revisions"}],"wp:attachment":[{"href":"https:\/\/fundaciosetba.org\/es\/wp-json\/wp\/v2\/media?parent=28437"}],"wp:term":[{"taxonomy":"category","embeddable":true,"href":"https:\/\/fundaciosetba.org\/es\/wp-json\/wp\/v2\/categories?post=28437"},{"taxonomy":"post_tag","embeddable":true,"href":"https:\/\/fundaciosetba.org\/es\/wp-json\/wp\/v2\/tags?post=28437"}],"curies":[{"name":"wp","href":"https:\/\/api.w.org\/{rel}","templated":true}]}}