{"id":28442,"date":"2015-05-26T00:00:00","date_gmt":"2015-05-25T23:00:00","guid":{"rendered":"https:\/\/fundaciosetba.org\/btv-recomienda-barcelona-canalla-y-sublime\/"},"modified":"2015-05-26T00:00:00","modified_gmt":"2015-05-25T23:00:00","slug":"btv-recomienda-barcelona-canalla-y-sublime","status":"publish","type":"post","link":"https:\/\/fundaciosetba.org\/es\/btv-recomienda-barcelona-canalla-y-sublime\/","title":{"rendered":"BTV recomienda &#8220;Barcelona canalla y sublime&#8221;"},"content":{"rendered":"<h2>BTV recomienda &#8220;Barcelona canalla y sublime&#8221;<\/h2>\n<p><strong>Le exposici\u00f3n es una de las propuestas culturales destacadas<\/strong><\/p>\n<div id=\"transcrip\">\n<p>&nbsp;<\/p>\n<div class=\"media_embed\"><iframe loading=\"lazy\" id=\"flumotion_iframe_player\" src=\"http:\/\/play.barcelonatvnoticies.webtv.flumotion.com\/play\/player?podId=22301&amp;playerId=7\" name=\"flumotion_iframe_player\" width=\"650px\" height=\"443px\" frameborder=\"0\" scrolling=\"no\"><\/iframe><\/div>\n<p>&nbsp;<\/p>\n<p>Sancho fotografi\u00f3 a m\u00fasicos, actores, pol\u00edticos y escritores, pero tambi\u00e9n a gente que viv\u00eda en los suburbios y a la juventud que intentaba reivindicar su existencia.<\/p>\n<p>A trav\u00e9s de estas fotograf\u00edas descubrimos a los protagonistas de una Barcelona en plena efervescencia cultural, y a la vez tambi\u00e9n marginal y diversa. Retratos de personajes que forman parte del lado m\u00e1s canalla y m\u00e1s sublime de la ciudad.<\/p>\n<p>JOS\u00c9 ANTONIO SANCHO, fot\u00f3grafo<\/p>\n<p>&#8220;Fotografiar diferentes c\u00edrculos de personas me parec\u00eda interesante porque alguien que no hubiera vivido esa \u00e9poca, se pod\u00eda hacer una visi\u00f3n de la ciudad. Hab\u00eda unos movimientos culturales muy potentes, y luego tambi\u00e9n la gente estaba como muy euf\u00f3rica, hab\u00eda much\u00edsimos conciertos, hab\u00eda un comportamiento digamos, un poco transgresor.&#8221;<\/p>\n<p>Estas fotograf\u00edas configuran una cr\u00f3nica social, extensa y rigurosa, pero tambi\u00e9n divertida y surrealista. Una ciudad plural en medio de una transformaci\u00f3n urban\u00edstica y social.<\/p>\n<p>\u00c0ngels Molina y <a href=\"http:\/\/www.rosorforet.com\/\" target=\"_blank\" rel=\"noopener\">Rosor Foret<\/a><\/p>\n<\/div>\n","protected":false},"excerpt":{"rendered":"<p>Le exposici\u00f3n es una de las propuestas culturales destacadas<\/p>\n","protected":false},"author":1,"featured_media":0,"comment_status":"closed","ping_status":"closed","sticky":false,"template":"","format":"standard","meta":{"footnotes":""},"categories":[1090],"tags":[],"class_list":["post-28442","post","type-post","status-publish","format-standard","hentry","category-noticias"],"_links":{"self":[{"href":"https:\/\/fundaciosetba.org\/es\/wp-json\/wp\/v2\/posts\/28442","targetHints":{"allow":["GET"]}}],"collection":[{"href":"https:\/\/fundaciosetba.org\/es\/wp-json\/wp\/v2\/posts"}],"about":[{"href":"https:\/\/fundaciosetba.org\/es\/wp-json\/wp\/v2\/types\/post"}],"author":[{"embeddable":true,"href":"https:\/\/fundaciosetba.org\/es\/wp-json\/wp\/v2\/users\/1"}],"replies":[{"embeddable":true,"href":"https:\/\/fundaciosetba.org\/es\/wp-json\/wp\/v2\/comments?post=28442"}],"version-history":[{"count":0,"href":"https:\/\/fundaciosetba.org\/es\/wp-json\/wp\/v2\/posts\/28442\/revisions"}],"wp:attachment":[{"href":"https:\/\/fundaciosetba.org\/es\/wp-json\/wp\/v2\/media?parent=28442"}],"wp:term":[{"taxonomy":"category","embeddable":true,"href":"https:\/\/fundaciosetba.org\/es\/wp-json\/wp\/v2\/categories?post=28442"},{"taxonomy":"post_tag","embeddable":true,"href":"https:\/\/fundaciosetba.org\/es\/wp-json\/wp\/v2\/tags?post=28442"}],"curies":[{"name":"wp","href":"https:\/\/api.w.org\/{rel}","templated":true}]}}