{"id":28462,"date":"2015-05-26T00:00:00","date_gmt":"2015-05-25T23:00:00","guid":{"rendered":"https:\/\/fundaciosetba.org\/testimonios-efervescentes-publico\/"},"modified":"2015-05-26T00:00:00","modified_gmt":"2015-05-25T23:00:00","slug":"testimonios-efervescentes-publico","status":"publish","type":"post","link":"https:\/\/fundaciosetba.org\/es\/testimonios-efervescentes-publico\/","title":{"rendered":"&#8220;Testimonios efervescentes&#8221; (P\u00fablico)"},"content":{"rendered":"<h2>&#8220;Testimonios efervescentes&#8221; (P\u00fablico)<\/h2>\n<p><strong>Columna de L\u00eddia Penelo<\/strong><\/p>\n<p><img decoding=\"async\" src=\"https:\/\/fundaciosetba.org\/wp-content\/uploads\/2021\/12\/img-la-vida-es-puta-20110524120147-1.jpg\" alt='img-la-vida-es-puta-20110524120147 (1)' \/><\/p>\n<p><strong>Testimonios efervescentes<\/strong><\/p>\n<p>LIDIA PENELO<\/p>\n<p>Si hace unos meses la Galer\u00eda Setba de la plaza Real propon\u00eda volver al Molino de los a\u00f1os setenta con las fotograf\u00edas de Josep Tobella, ahora invita a recordar c\u00f3mo era Barcelona entre los a\u00f1os 1979 y 1999, a trav\u00e9s de las im\u00e1genes de Jos\u00e9 Antonio Sancho. Con el objetivo de transmitir la libertad que circulaba en la capital catalana, el fot\u00f3grafo ha seleccionado 55 im\u00e1genes donde aparecen personajes representativos de la vida cultural del momento, pero tambi\u00e9n personas an\u00f3nimas de diferentes esferas sociales. El nombre de la muestra, <em>Barcelona canalla y sublime<\/em>, da pistas del tarann\u00e1 del montaje. Sancho quer\u00eda mostrar \u201cuna efervescencia cultural, pero tambi\u00e9n marginal y diversa que conforman lo canalla y lo sublime, dos \u00e1mbitos que en muchos casos se entrelazan\u201d. Por esto, el visitante se encuentra con un jovenc\u00edsimo Pasqual Maragall o con un Nacho Vidal abrazando a un delgad\u00edsimo Garc\u00eda Alix. Pero tambi\u00e9n con desconocidos que entonces a\u00fan viv\u00edan en barracas. Eso s\u00ed, todos ellos tienen un punto en com\u00fan, una realidad desaparecida.<\/p>\n<p><strong>EXPOSICI\u00d3N <\/strong>\u2018BARCELONA CANALLA I SUBLIM\u2019<\/p>\n<p><strong>AUTOR <\/strong>JOS\u00c9 ANTONIO SANCHO<\/p>\n<p><strong>LUGAR <\/strong>GALERIA SETBA<\/p>\n<p><strong>DIRECCI\u00d3N <\/strong>PLA\u00c7A REIAL, 10. ENTRADA GRATU\u00cfTA<\/p>\n","protected":false},"excerpt":{"rendered":"<p>Columna de L\u00eddia Penelo<\/p>\n","protected":false},"author":1,"featured_media":28459,"comment_status":"closed","ping_status":"closed","sticky":false,"template":"","format":"standard","meta":{"footnotes":""},"categories":[1090],"tags":[],"class_list":["post-28462","post","type-post","status-publish","format-standard","has-post-thumbnail","hentry","category-noticias"],"_links":{"self":[{"href":"https:\/\/fundaciosetba.org\/es\/wp-json\/wp\/v2\/posts\/28462","targetHints":{"allow":["GET"]}}],"collection":[{"href":"https:\/\/fundaciosetba.org\/es\/wp-json\/wp\/v2\/posts"}],"about":[{"href":"https:\/\/fundaciosetba.org\/es\/wp-json\/wp\/v2\/types\/post"}],"author":[{"embeddable":true,"href":"https:\/\/fundaciosetba.org\/es\/wp-json\/wp\/v2\/users\/1"}],"replies":[{"embeddable":true,"href":"https:\/\/fundaciosetba.org\/es\/wp-json\/wp\/v2\/comments?post=28462"}],"version-history":[{"count":0,"href":"https:\/\/fundaciosetba.org\/es\/wp-json\/wp\/v2\/posts\/28462\/revisions"}],"wp:featuredmedia":[{"embeddable":true,"href":"https:\/\/fundaciosetba.org\/es\/wp-json\/wp\/v2\/media\/28459"}],"wp:attachment":[{"href":"https:\/\/fundaciosetba.org\/es\/wp-json\/wp\/v2\/media?parent=28462"}],"wp:term":[{"taxonomy":"category","embeddable":true,"href":"https:\/\/fundaciosetba.org\/es\/wp-json\/wp\/v2\/categories?post=28462"},{"taxonomy":"post_tag","embeddable":true,"href":"https:\/\/fundaciosetba.org\/es\/wp-json\/wp\/v2\/tags?post=28462"}],"curies":[{"name":"wp","href":"https:\/\/api.w.org\/{rel}","templated":true}]}}