{"id":28504,"date":"2015-05-26T00:00:00","date_gmt":"2015-05-25T23:00:00","guid":{"rendered":"https:\/\/fundaciosetba.org\/resiliencia-en-el-blog-ramblejant-2\/"},"modified":"2015-05-26T00:00:00","modified_gmt":"2015-05-25T23:00:00","slug":"resiliencia-en-el-blog-ramblejant-2","status":"publish","type":"post","link":"https:\/\/fundaciosetba.org\/es\/resiliencia-en-el-blog-ramblejant-2\/","title":{"rendered":"&#8216;Resiliencia&#8217; en el blog Ramblejant"},"content":{"rendered":"<h2>&#8216;Resiliencia&#8217; en el blog Ramblejant<\/h2>\n<p><strong>Art\u00edculo sobre la exposici\u00f3n &#8216;Resiliencia&#8217; en el bloc Ramblejant.<\/strong><\/p>\n<h3 class=\"entry-title post-title\"><\/h3>\n<h3 class=\"entry-title post-title\"><a href=\"http:\/\/www.ramblejant.com\/2012\/01\/resiliencia-fotografia-i-escultura.html\" target=\"_blank\" rel=\"noopener\">RESILIENCIA, FOTOGRAF\u00cdA Y ESCULTURA EN SETBA ZONA D\u2019ART<\/a><\/h3>\n<p>En psicolog\u00eda, resiliencia es la capacidad humana de asumir con flexibilidad situaciones l\u00edmite y sobreponerse a ellas. Ahora tambi\u00e9n es una exposici\u00f3n colectiva que re\u00fane un grupo de artistas que exploran este concepto desde m\u00faltiples perspectivas. La muestra la pod\u00e9is ver en Setba Zona d&#8217;Art hasta el 29 de febrero de 2012.El concepto de resiliencia viene del mundo de la f\u00edsica y mide la capacidad de recuperaci\u00f3n de un cuerpo sometido a alg\u00fan tipo de presi\u00f3n. Con esta idea, y con su adaptaci\u00f3n en t\u00e9rminos psicol\u00f3gicos, han trabajado los diferentes artistas a lo largo del a\u00f1o anterior. El resultado son diferentes interpretaciones adaptadas a diferentes lenguajes pl\u00e1sticos.<\/p>\n<p>Vivimos tiempos dif\u00edciles, pero desde Setba han decidido destacar esta capacidad de adaptaci\u00f3n que todos tenemos y trabajar este concepto para destacar la superaci\u00f3n por encima de la adversidad. Los artistas que exponen obra son Franco Filipponi, Carlos Gavil\u00e1n, Loreto Gonz\u00e1lez, Marion Laurent, Ariane Patout, Guillaume Poussou, Miquel Samitier y Marcia Ya\u00f1ez. En total encontrar\u00e9is unas 20 obras entre escultura y fotograf\u00eda. El precio de la entrada es de 2 \u20ac<\/p>\n<p><strong>RESILIENCIA<\/strong><br \/>\n<strong>Del 10 de enero al 29 de febrero de 2012<\/strong><br \/>\n<strong>SETBA ZONA D\u2019ART<\/strong><br \/>\n<strong>Pla\u00e7a Reial, 10, 1r 2a<\/strong><strong>08002 Barcelona\u00a0<\/strong><strong>Tel\u00e9fono: 93 481 36 96<\/strong><\/p>\n","protected":false},"excerpt":{"rendered":"<p>Art\u00edculo sobre la exposici\u00f3n &#8216;Resiliencia&#8217; en el bloc Ramblejant.<\/p>\n","protected":false},"author":1,"featured_media":0,"comment_status":"closed","ping_status":"closed","sticky":false,"template":"","format":"standard","meta":{"footnotes":""},"categories":[1090],"tags":[960],"class_list":["post-28504","post","type-post","status-publish","format-standard","hentry","category-noticias","tag-resiliencia"],"_links":{"self":[{"href":"https:\/\/fundaciosetba.org\/es\/wp-json\/wp\/v2\/posts\/28504","targetHints":{"allow":["GET"]}}],"collection":[{"href":"https:\/\/fundaciosetba.org\/es\/wp-json\/wp\/v2\/posts"}],"about":[{"href":"https:\/\/fundaciosetba.org\/es\/wp-json\/wp\/v2\/types\/post"}],"author":[{"embeddable":true,"href":"https:\/\/fundaciosetba.org\/es\/wp-json\/wp\/v2\/users\/1"}],"replies":[{"embeddable":true,"href":"https:\/\/fundaciosetba.org\/es\/wp-json\/wp\/v2\/comments?post=28504"}],"version-history":[{"count":0,"href":"https:\/\/fundaciosetba.org\/es\/wp-json\/wp\/v2\/posts\/28504\/revisions"}],"wp:attachment":[{"href":"https:\/\/fundaciosetba.org\/es\/wp-json\/wp\/v2\/media?parent=28504"}],"wp:term":[{"taxonomy":"category","embeddable":true,"href":"https:\/\/fundaciosetba.org\/es\/wp-json\/wp\/v2\/categories?post=28504"},{"taxonomy":"post_tag","embeddable":true,"href":"https:\/\/fundaciosetba.org\/es\/wp-json\/wp\/v2\/tags?post=28504"}],"curies":[{"name":"wp","href":"https:\/\/api.w.org\/{rel}","templated":true}]}}