{"id":28795,"date":"2015-05-26T00:00:00","date_gmt":"2015-05-25T23:00:00","guid":{"rendered":"https:\/\/fundaciosetba.org\/un-lugar-para-ocana\/"},"modified":"2015-05-26T00:00:00","modified_gmt":"2015-05-25T23:00:00","slug":"un-lugar-para-ocana","status":"publish","type":"post","link":"https:\/\/fundaciosetba.org\/es\/un-lugar-para-ocana\/","title":{"rendered":"Un lugar para Oca\u00f1a"},"content":{"rendered":"<h2>Un lugar para Oca\u00f1a<\/h2>\n<p><strong>La alcaldesa de Cantillana recibe a familiares del pintor Oca\u00f1a y a representantes del manifiesto &#8216;Un lugar para el pintor Oca\u00f1a&#8217;.<\/strong><\/p>\n<p>El lunes d\u00eda 1 de abril una representaci\u00f3n de la familia del pintor Oca\u00f1a junto a miembros de la editorial Atrapasue\u00f1os entregaron a la alcaldesa de Cantillana el manifiesto y las cien primeras firmas. El ayuntamiento de Cantilla recoger\u00e1 firmas de sus vecinos y vecinas en sede municipal.<\/p>\n<p><img decoding=\"async\" src=\"https:\/\/fundaciosetba.org\/wp-content\/uploads\/2021\/12\/Museu-Ocana.jpg\" alt='Museu Ocana' \/><\/p>\n<p>Dori D\u00edaz (cu\u00f1ada), Jos\u00e9 Naranjo (pintor y especialista en Oca\u00f1a), Luis Oca\u00f1a (Atrapasue\u00f1os sca), Jes\u00fas P\u00e9rez Oca\u00f1a (hermano), \u00c1ngeles Garc\u00eda (alcaldea), Juan Jes\u00fas Ortiz (sobrino) y Joaqu\u00edn Recio (Atrapasue\u00f1os sca).<\/p>\n<p>La reuni\u00f3n transcurri\u00f3 en un ambiente agradable de total colaboraci\u00f3n donde se abord\u00f3 la cuesti\u00f3n del museo. La alcaldesa de Cantillana asumi\u00f3 su compromiso de poner en marcha el museo en este a\u00f1o 30 del fallecimiento del genial pintor. La familia plante\u00f3 algunas cuestiones fundamentales que tambi\u00e9n fueron aceptadas como la creaci\u00f3n de una comisi\u00f3n para el museo donde se den cita familiares, t\u00e9cnicos y amigos importantes del pintor. Una comisi\u00f3n pr\u00e1ctica que trabaje de forma met\u00f3dica por la apertura del museo. Tambi\u00e9n se estuvo valorando el espacio id\u00f3neo para el museo.<\/p>\n<p>Se hizo entrega del manifiesto a todos los grupos pol\u00edticos de Cantillana y a la propia alcaldesa se le dio un libro de firmas y se le solicit\u00f3 que se pusiera en sede municipal para recoger todas las firmas de los vecinos y las vecinas de Cantillana que quieren apoyar el museo. Este libro de firmas estar\u00e1 disponible desde ya para su firma.<\/p>\n<p>En poco tiempo se espera la creaci\u00f3n de la comisi\u00f3n del museo Oca\u00f1a y esperamos ver pronto resultados de la misma.<\/p>\n","protected":false},"excerpt":{"rendered":"<p>La alcaldesa de Cantillana recibe a familiares del pintor Oca\u00f1a y a representantes del manifiesto &#8216;Un lugar para el pintor Oca\u00f1a&#8217;.<\/p>\n","protected":false},"author":1,"featured_media":28792,"comment_status":"closed","ping_status":"closed","sticky":false,"template":"","format":"standard","meta":{"footnotes":""},"categories":[1090],"tags":[977],"class_list":["post-28795","post","type-post","status-publish","format-standard","has-post-thumbnail","hentry","category-noticias","tag-llibreartistaocana"],"_links":{"self":[{"href":"https:\/\/fundaciosetba.org\/es\/wp-json\/wp\/v2\/posts\/28795","targetHints":{"allow":["GET"]}}],"collection":[{"href":"https:\/\/fundaciosetba.org\/es\/wp-json\/wp\/v2\/posts"}],"about":[{"href":"https:\/\/fundaciosetba.org\/es\/wp-json\/wp\/v2\/types\/post"}],"author":[{"embeddable":true,"href":"https:\/\/fundaciosetba.org\/es\/wp-json\/wp\/v2\/users\/1"}],"replies":[{"embeddable":true,"href":"https:\/\/fundaciosetba.org\/es\/wp-json\/wp\/v2\/comments?post=28795"}],"version-history":[{"count":0,"href":"https:\/\/fundaciosetba.org\/es\/wp-json\/wp\/v2\/posts\/28795\/revisions"}],"wp:featuredmedia":[{"embeddable":true,"href":"https:\/\/fundaciosetba.org\/es\/wp-json\/wp\/v2\/media\/28792"}],"wp:attachment":[{"href":"https:\/\/fundaciosetba.org\/es\/wp-json\/wp\/v2\/media?parent=28795"}],"wp:term":[{"taxonomy":"category","embeddable":true,"href":"https:\/\/fundaciosetba.org\/es\/wp-json\/wp\/v2\/categories?post=28795"},{"taxonomy":"post_tag","embeddable":true,"href":"https:\/\/fundaciosetba.org\/es\/wp-json\/wp\/v2\/tags?post=28795"}],"curies":[{"name":"wp","href":"https:\/\/api.w.org\/{rel}","templated":true}]}}