{"id":28796,"date":"2015-05-26T00:00:00","date_gmt":"2015-05-25T23:00:00","guid":{"rendered":"https:\/\/fundaciosetba.org\/reportaje-de-la-crasse-a-la-classe\/"},"modified":"2015-05-26T00:00:00","modified_gmt":"2015-05-25T23:00:00","slug":"reportaje-de-la-crasse-a-la-classe","status":"publish","type":"post","link":"https:\/\/fundaciosetba.org\/es\/reportaje-de-la-crasse-a-la-classe\/","title":{"rendered":"Reportaje &#8216;De la crasse a la classe&#8217;"},"content":{"rendered":"<h2>Reportaje &#8216;De la crasse a la classe&#8217;<\/h2>\n<p><strong>Proyecci\u00f3n del reportaje documental sobre el arte del reciclaje en \u00c1frica Occidental.<\/strong><\/p>\n<p>&nbsp;<\/p>\n<p>En el marco de la muestra <a href=\"https:\/\/fundaciosetba.org\/es\/de-la-basura-a-la-belleza-recuparte\/\" target=\"_blank\" rel=\"noopener\">De la basura a la belleza<\/a>\u00a0el pr\u00f3ximo jueves 16 de mayo se proyectar\u00e1 el reportaje documental sobre el arte del reciclaje en el \u00c1frica occidental, con entrevistas a tres de los artistas que participan en la muestra.<\/p>\n<p>&nbsp;<\/p>\n<div class=\"media_embed\"><iframe loading=\"lazy\" src=\"http:\/\/www.youtube.com\/embed\/d5K9YL9e2ko\" width=\"640\" height=\"360\" frameborder=\"0\" allowfullscreen=\"allowfullscreen\"><\/iframe><\/div>\n","protected":false},"excerpt":{"rendered":"<p>Proyecci\u00f3n del reportaje documental sobre el arte del reciclaje en \u00c1frica Occidental.<\/p>\n","protected":false},"author":1,"featured_media":0,"comment_status":"closed","ping_status":"closed","sticky":false,"template":"","format":"standard","meta":{"footnotes":""},"categories":[1090],"tags":[944],"class_list":["post-28796","post","type-post","status-publish","format-standard","hentry","category-noticias","tag-brossabellesa"],"_links":{"self":[{"href":"https:\/\/fundaciosetba.org\/es\/wp-json\/wp\/v2\/posts\/28796","targetHints":{"allow":["GET"]}}],"collection":[{"href":"https:\/\/fundaciosetba.org\/es\/wp-json\/wp\/v2\/posts"}],"about":[{"href":"https:\/\/fundaciosetba.org\/es\/wp-json\/wp\/v2\/types\/post"}],"author":[{"embeddable":true,"href":"https:\/\/fundaciosetba.org\/es\/wp-json\/wp\/v2\/users\/1"}],"replies":[{"embeddable":true,"href":"https:\/\/fundaciosetba.org\/es\/wp-json\/wp\/v2\/comments?post=28796"}],"version-history":[{"count":0,"href":"https:\/\/fundaciosetba.org\/es\/wp-json\/wp\/v2\/posts\/28796\/revisions"}],"wp:attachment":[{"href":"https:\/\/fundaciosetba.org\/es\/wp-json\/wp\/v2\/media?parent=28796"}],"wp:term":[{"taxonomy":"category","embeddable":true,"href":"https:\/\/fundaciosetba.org\/es\/wp-json\/wp\/v2\/categories?post=28796"},{"taxonomy":"post_tag","embeddable":true,"href":"https:\/\/fundaciosetba.org\/es\/wp-json\/wp\/v2\/tags?post=28796"}],"curies":[{"name":"wp","href":"https:\/\/api.w.org\/{rel}","templated":true}]}}