{"id":28797,"date":"2015-05-26T00:00:00","date_gmt":"2015-05-25T23:00:00","guid":{"rendered":"https:\/\/fundaciosetba.org\/el-balcon-de-las-artes-2013-obras-finalistas\/"},"modified":"2015-05-26T00:00:00","modified_gmt":"2015-05-25T23:00:00","slug":"el-balcon-de-las-artes-2013-obras-finalistas","status":"publish","type":"post","link":"https:\/\/fundaciosetba.org\/es\/el-balcon-de-las-artes-2013-obras-finalistas\/","title":{"rendered":"&#8216;El Balc\u00f3n de las Artes 2013&#8217; Obras finalistas"},"content":{"rendered":"<h2>&#8216;El Balc\u00f3n de las Artes 2013&#8217; Obras finalistas<\/h2>\n<p><strong>La exposici\u00f3n de las 12 obras finalistas, se podr\u00e1 visitar en el Real C\u00edrculo Art\u00edstico de Barcelona del 2 al 15 de mayo.<\/strong><\/p>\n<p>&nbsp;<\/p>\n<h3>El Balc\u00f3n de las Artes III | Mayo 2013<\/h3>\n<p>El tercer certamen de pintura \u2018El Balc\u00f3n de las Artes&#8217; ha sido fallado el 2 de mayo de 2013.<\/p>\n<p><object width=\"640\" height=\"360\"><param name=\"flashvars\" value=\"offsite=true&#038;lang=es-us&#038;page_show_url=%2Fphotos%2Ffundaciosetba%2Fsets%2F72157633393404575%2Fshow%2F&#038;page_show_back_url=%2Fphotos%2Ffundaciosetba%2Fsets%2F72157633393404575%2F&#038;set_id=72157633393404575&#038;jump_to=0\"><\/param><param name=\"movie\" value=\"https:\/\/www.flickr.com\/apps\/slideshow\/show.swf?v=3687798455\"><\/param><param name=\"allowFullScreen\" value=\"true\"><\/param><embed type=\"application\/x-shockwave-flash\" src=\"https:\/\/www.flickr.com\/apps\/slideshow\/show.swf?v=3687798455\" allowFullScreen=\"true\" flashvars=\"offsite=true&#038;lang=es-us&#038;page_show_url=%2Fphotos%2Ffundaciosetba%2Fsets%2F72157633393404575%2Fshow%2F&#038;page_show_back_url=%2Fphotos%2Ffundaciosetba%2Fsets%2F72157633393404575%2F&#038;set_id=72157633393404575&#038;jump_to=0\" width=\"640\" height=\"360\"><\/embed><\/object><\/p>\n","protected":false},"excerpt":{"rendered":"<p>La exposici\u00f3n de las 12 obras finalistas, se podr\u00e1 visitar en el Real C\u00edrculo Art\u00edstico de Barcelona del 2 al 15 de mayo.<\/p>\n","protected":false},"author":1,"featured_media":0,"comment_status":"closed","ping_status":"closed","sticky":false,"template":"","format":"standard","meta":{"footnotes":""},"categories":[1090],"tags":[943],"class_list":["post-28797","post","type-post","status-publish","format-standard","hentry","category-noticias","tag-elbalcodelesarts13"],"_links":{"self":[{"href":"https:\/\/fundaciosetba.org\/es\/wp-json\/wp\/v2\/posts\/28797","targetHints":{"allow":["GET"]}}],"collection":[{"href":"https:\/\/fundaciosetba.org\/es\/wp-json\/wp\/v2\/posts"}],"about":[{"href":"https:\/\/fundaciosetba.org\/es\/wp-json\/wp\/v2\/types\/post"}],"author":[{"embeddable":true,"href":"https:\/\/fundaciosetba.org\/es\/wp-json\/wp\/v2\/users\/1"}],"replies":[{"embeddable":true,"href":"https:\/\/fundaciosetba.org\/es\/wp-json\/wp\/v2\/comments?post=28797"}],"version-history":[{"count":0,"href":"https:\/\/fundaciosetba.org\/es\/wp-json\/wp\/v2\/posts\/28797\/revisions"}],"wp:attachment":[{"href":"https:\/\/fundaciosetba.org\/es\/wp-json\/wp\/v2\/media?parent=28797"}],"wp:term":[{"taxonomy":"category","embeddable":true,"href":"https:\/\/fundaciosetba.org\/es\/wp-json\/wp\/v2\/categories?post=28797"},{"taxonomy":"post_tag","embeddable":true,"href":"https:\/\/fundaciosetba.org\/es\/wp-json\/wp\/v2\/tags?post=28797"}],"curies":[{"name":"wp","href":"https:\/\/api.w.org\/{rel}","templated":true}]}}