{"id":28798,"date":"2015-05-26T00:00:00","date_gmt":"2015-05-25T23:00:00","guid":{"rendered":"https:\/\/fundaciosetba.org\/de-la-basura-a-la-belleza-en-la-vanguardia\/"},"modified":"2015-05-26T00:00:00","modified_gmt":"2015-05-25T23:00:00","slug":"de-la-basura-a-la-belleza-en-la-vanguardia","status":"publish","type":"post","link":"https:\/\/fundaciosetba.org\/es\/de-la-basura-a-la-belleza-en-la-vanguardia\/","title":{"rendered":"De la basura a la belleza en La Vanguardia"},"content":{"rendered":"<h2>De la basura a la belleza en La Vanguardia<\/h2>\n<p><strong>Art\u00edculo de la periodista Laia Soler sobre la muestra.<\/strong><\/p>\n<p><strong>\u00a0<\/strong><\/p>\n<p>Como dice la frase popular, a veces la belleza est\u00e1 en los ojos de quien mira. Cuando hablamos de arte, esa afirmaci\u00f3n no se aplica s\u00f3lo al p\u00fablico, sino al artista. <strong>Donde la gran masa de la poblaci\u00f3n \u00fanicamente ver\u00eda un mont\u00f3n de chatarra, hay quienes ven los materiales perfectos para crear arte con todas las letras.<\/strong> Esta corriente art\u00edstica ya tiene nombre -Recup&#8217;Arte-, y poco a poco se est\u00e1 abriendo camino en Europa. En Barcelona, la Fundaci\u00f3 Setba ha apostado por el Recup&#8217;Arte [&#8230;]\n","protected":false},"excerpt":{"rendered":"<p>Art\u00edculo de la periodista Laia Soler sobre la muestra.<\/p>\n","protected":false},"author":1,"featured_media":0,"comment_status":"closed","ping_status":"closed","sticky":false,"template":"","format":"standard","meta":{"footnotes":""},"categories":[1090],"tags":[944],"class_list":["post-28798","post","type-post","status-publish","format-standard","hentry","category-noticias","tag-brossabellesa"],"_links":{"self":[{"href":"https:\/\/fundaciosetba.org\/es\/wp-json\/wp\/v2\/posts\/28798","targetHints":{"allow":["GET"]}}],"collection":[{"href":"https:\/\/fundaciosetba.org\/es\/wp-json\/wp\/v2\/posts"}],"about":[{"href":"https:\/\/fundaciosetba.org\/es\/wp-json\/wp\/v2\/types\/post"}],"author":[{"embeddable":true,"href":"https:\/\/fundaciosetba.org\/es\/wp-json\/wp\/v2\/users\/1"}],"replies":[{"embeddable":true,"href":"https:\/\/fundaciosetba.org\/es\/wp-json\/wp\/v2\/comments?post=28798"}],"version-history":[{"count":0,"href":"https:\/\/fundaciosetba.org\/es\/wp-json\/wp\/v2\/posts\/28798\/revisions"}],"wp:attachment":[{"href":"https:\/\/fundaciosetba.org\/es\/wp-json\/wp\/v2\/media?parent=28798"}],"wp:term":[{"taxonomy":"category","embeddable":true,"href":"https:\/\/fundaciosetba.org\/es\/wp-json\/wp\/v2\/categories?post=28798"},{"taxonomy":"post_tag","embeddable":true,"href":"https:\/\/fundaciosetba.org\/es\/wp-json\/wp\/v2\/tags?post=28798"}],"curies":[{"name":"wp","href":"https:\/\/api.w.org\/{rel}","templated":true}]}}