{"id":28802,"date":"2015-05-26T00:00:00","date_gmt":"2015-05-25T23:00:00","guid":{"rendered":"https:\/\/fundaciosetba.org\/imposible-de-etiquetar\/"},"modified":"2015-05-26T00:00:00","modified_gmt":"2015-05-25T23:00:00","slug":"imposible-de-etiquetar","status":"publish","type":"post","link":"https:\/\/fundaciosetba.org\/es\/imposible-de-etiquetar\/","title":{"rendered":"Imposible de Etiquetar"},"content":{"rendered":"<h2>Imposible de Etiquetar<\/h2>\n<p><strong>La convocatoria, abierta a estudiantes de \u00faltimo curso de facultades de Bellas Artes y escuelas de Arte p\u00fablicas y privadas de Madrid, Barcelona, Bilbao y Santander, ya tiene ganador.<\/strong><\/p>\n<p>Entre las 150 obras presentadas, de las que se seleccionaron 38, el jurado ha elegido ganador a Rafael Mun\u00e1rriz Gimeno (Tudela, Navarra, 1990 &#8211; vive en Madrid), estudiante de quinto curso de la licenciatura de Bellas Artes, por su obra fotogr\u00e1fica &#8216;Segunda juventud. Oil radiator&#8217;.<\/p>\n<p><img decoding=\"async\" src=\"https:\/\/fundaciosetba.org\/wp-content\/uploads\/2021\/12\/Segunda-juventud.jpg\" alt='Segunda juventud' \/><\/p>\n<p>En 2012, Alhambra Reserva 1925 ha convocado su primer Concurso de Arte Imposible de Etiquetar, destinado a estudiantes de \u00faltimo curso de facultades de Bellas Artes y escuelas de Arte p\u00fablicas y privadas de Madrid, Barcelona, Bilbao y Santander. Los estudiantes han presentado una obra original e in\u00e9dita, de tema, material, t\u00e9cnica y tendencia est\u00e9tica libre, creada bajo el concepto Imposible de Etiquetar que da nombre al concurso.<\/p>\n<p>Junto al premio principal, los concursantes formaron parte de la exposici\u00f3n colectiva itinerante, p\u00fablica y gratuita, que tubo lugar entre enero y marzo de 2013 en Madrid,\u00a0Bilbao,\u00a0Santander y\u00a0<a href=\"http:\/\/esp.setba.net\/38-piezas-ldquoimposibles-de-etiquetar-rdquo-xidc-415\" target=\"_blank\" rel=\"noopener\">Barcelona<\/a>, en la Fundaci\u00f3n Setba.<\/p>\n<p>El concepto Imposible de Etiquetar, con el que se identifica la marca Alhambra Reserva 1925, expresa lo bueno y \u00fanico de la vida, esos momentos, personas y cosas que son imposibles de describir, de nombrar, y que, gracias a su naturaleza, esp\u00edritu y personalidad nunca dejan de sorprendernos.<\/p>\n<p>+ info <a href=\"http:\/\/www.arteinformado.com\/Eventos\/69238\/fallado-imposible-de-etiquetar\/\" target=\"_blank\" rel=\"noopener\">aqu\u00ed<\/a><\/p>\n<div class=\"fb-comments fb_iframe_widget\" data-href=\"http:\/\/esp.fundaciosetba.org\/imposible-de-etiquetar-xidc-551\" data-num-posts=\"10\" data-width=\"660\"><\/div>\n","protected":false},"excerpt":{"rendered":"<p>La convocatoria, abierta a estudiantes de \u00faltimo curso de facultades de Bellas Artes y escuelas de Arte p\u00fablicas y privadas de Madrid, Barcelona, Bilbao y Santander, ya tiene ganador.<\/p>\n","protected":false},"author":1,"featured_media":28799,"comment_status":"closed","ping_status":"closed","sticky":false,"template":"","format":"standard","meta":{"footnotes":""},"categories":[1090],"tags":[1008],"class_list":["post-28802","post","type-post","status-publish","format-standard","has-post-thumbnail","hentry","category-noticias","tag-impossibledetiquetar"],"_links":{"self":[{"href":"https:\/\/fundaciosetba.org\/es\/wp-json\/wp\/v2\/posts\/28802","targetHints":{"allow":["GET"]}}],"collection":[{"href":"https:\/\/fundaciosetba.org\/es\/wp-json\/wp\/v2\/posts"}],"about":[{"href":"https:\/\/fundaciosetba.org\/es\/wp-json\/wp\/v2\/types\/post"}],"author":[{"embeddable":true,"href":"https:\/\/fundaciosetba.org\/es\/wp-json\/wp\/v2\/users\/1"}],"replies":[{"embeddable":true,"href":"https:\/\/fundaciosetba.org\/es\/wp-json\/wp\/v2\/comments?post=28802"}],"version-history":[{"count":0,"href":"https:\/\/fundaciosetba.org\/es\/wp-json\/wp\/v2\/posts\/28802\/revisions"}],"wp:featuredmedia":[{"embeddable":true,"href":"https:\/\/fundaciosetba.org\/es\/wp-json\/wp\/v2\/media\/28799"}],"wp:attachment":[{"href":"https:\/\/fundaciosetba.org\/es\/wp-json\/wp\/v2\/media?parent=28802"}],"wp:term":[{"taxonomy":"category","embeddable":true,"href":"https:\/\/fundaciosetba.org\/es\/wp-json\/wp\/v2\/categories?post=28802"},{"taxonomy":"post_tag","embeddable":true,"href":"https:\/\/fundaciosetba.org\/es\/wp-json\/wp\/v2\/tags?post=28802"}],"curies":[{"name":"wp","href":"https:\/\/api.w.org\/{rel}","templated":true}]}}