{"id":28808,"date":"2015-05-26T00:00:00","date_gmt":"2015-05-25T23:00:00","guid":{"rendered":"https:\/\/fundaciosetba.org\/jornadas-de-turismo-creativo\/"},"modified":"2015-05-26T00:00:00","modified_gmt":"2015-05-25T23:00:00","slug":"jornadas-de-turismo-creativo","status":"publish","type":"post","link":"https:\/\/fundaciosetba.org\/es\/jornadas-de-turismo-creativo\/","title":{"rendered":"Jornadas de Turismo Creativo"},"content":{"rendered":"<h2>Jornadas de Turismo Creativo<\/h2>\n<p><strong>Expertos internacionales se re\u00fanen en Barcelona para reflexionar sobre el \u00e9xito del turismo creativo<\/strong><\/p>\n<p>Los pr\u00f3ximos d\u00edas <strong>13 y 14 de junio,<\/strong> expertos internacionales se reunir\u00e1n en Barcelona para reflexionar sobre el \u00e9xito y el futuro del turismo creativo &#8211; <strong>una forma de turismo que invita al visitante a participar en actividades creativas.<\/strong><\/p>\n<p>De hecho, fue desde Barcelona que esta tendencia se impuls\u00f3 a nivel mundial mediante el Creative Tourism Network \u00ae, red para la promoci\u00f3n del turismo creativo, fundada a finales del 2010 y que cuenta con miembros como Par\u00eds, Bangkok, Porto Alegre, Ibiza, Le Louvre &#8211; Lens o Guatemala, entre otros.<\/p>\n<p>En un momento en que los destinos tur\u00edsticos deben competir, ofreciendo a sus visitantes propuestas cada vez m\u00e1s singulares, muchos de ellos, por todo el mundo, se han inspirado en el modelo pionero barcelon\u00e9s, adapt\u00e1ndolo a sus realidades.<\/p>\n<p>As\u00ed pues, este encuentro <strong>dirigido por el profesor Greg Richards de la Universidad de Tilburg, autor del concepto de turismo creativo, <\/strong>tiene por objetivo estudiar la evoluci\u00f3n de esta nueva tendencia y elaborar un c\u00f3digo de buenas pr\u00e1cticas que permita estructurar este sector emergente y crear sinergias entre ciudades.<\/p>\n<p>&nbsp;<\/p>\n<p><img decoding=\"async\" src=\"https:\/\/fundaciosetba.org\/wp-content\/uploads\/2021\/12\/Jornades-de-Turisme-Creatiu-13.06-12-copia.jpg\" alt='Jornades de Turisme Creatiu 13.06 (12) - copia' \/><\/p>\n<p>&nbsp;<\/p>\n<p>Este encuentro, organizado por <em><a href=\"http:\/\/www.creativetourismnetwork.org\/\" target=\"_blank\" rel=\"noopener\">Creative Tourism Network<\/a>\u00a0<\/em>\u00ae y el organismo internacional de investigaci\u00f3n <a href=\"http:\/\/www.atlas-euro.org\/\" target=\"_blank\" rel=\"noopener\">ATLAS<\/a>(Association for Tourism and Leisure Education, con sede en Holanda), tendr\u00e1 lugar en \u00a0la sede de la Fundaci\u00f3n Setba.<\/p>\n<p>El encuentro se dirige a expertos, pero todos los profesionales interesados en el turismo creativo est\u00e1n invitados a hacer llegar sus consultas, a las que<strong> los expertos responder\u00e1n a trav\u00e9s de las redes sociales.<\/strong><\/p>\n<p>Las conclusiones del Barcelona Experto Meeting on Creative Tourism dar\u00e1n lugar a la<strong> publicaci\u00f3n de un n\u00famero especial sobre turismo creativo<\/strong>.<\/p>\n","protected":false},"excerpt":{"rendered":"<p>Expertos internacionales se re\u00fanen en Barcelona para reflexionar sobre el \u00e9xito del turismo creativo<\/p>\n","protected":false},"author":1,"featured_media":28805,"comment_status":"closed","ping_status":"closed","sticky":false,"template":"","format":"standard","meta":{"footnotes":""},"categories":[1090],"tags":[],"class_list":["post-28808","post","type-post","status-publish","format-standard","has-post-thumbnail","hentry","category-noticias"],"_links":{"self":[{"href":"https:\/\/fundaciosetba.org\/es\/wp-json\/wp\/v2\/posts\/28808","targetHints":{"allow":["GET"]}}],"collection":[{"href":"https:\/\/fundaciosetba.org\/es\/wp-json\/wp\/v2\/posts"}],"about":[{"href":"https:\/\/fundaciosetba.org\/es\/wp-json\/wp\/v2\/types\/post"}],"author":[{"embeddable":true,"href":"https:\/\/fundaciosetba.org\/es\/wp-json\/wp\/v2\/users\/1"}],"replies":[{"embeddable":true,"href":"https:\/\/fundaciosetba.org\/es\/wp-json\/wp\/v2\/comments?post=28808"}],"version-history":[{"count":0,"href":"https:\/\/fundaciosetba.org\/es\/wp-json\/wp\/v2\/posts\/28808\/revisions"}],"wp:featuredmedia":[{"embeddable":true,"href":"https:\/\/fundaciosetba.org\/es\/wp-json\/wp\/v2\/media\/28805"}],"wp:attachment":[{"href":"https:\/\/fundaciosetba.org\/es\/wp-json\/wp\/v2\/media?parent=28808"}],"wp:term":[{"taxonomy":"category","embeddable":true,"href":"https:\/\/fundaciosetba.org\/es\/wp-json\/wp\/v2\/categories?post=28808"},{"taxonomy":"post_tag","embeddable":true,"href":"https:\/\/fundaciosetba.org\/es\/wp-json\/wp\/v2\/tags?post=28808"}],"curies":[{"name":"wp","href":"https:\/\/api.w.org\/{rel}","templated":true}]}}