{"id":28809,"date":"2015-05-26T00:00:00","date_gmt":"2015-05-25T23:00:00","guid":{"rendered":"https:\/\/fundaciosetba.org\/de-la-basura-a-la-belleza-en-tve\/"},"modified":"2015-05-26T00:00:00","modified_gmt":"2015-05-25T23:00:00","slug":"de-la-basura-a-la-belleza-en-tve","status":"publish","type":"post","link":"https:\/\/fundaciosetba.org\/es\/de-la-basura-a-la-belleza-en-tve\/","title":{"rendered":"De la basura a la belleza en TVE"},"content":{"rendered":"<h2>De la basura a la belleza en TVE<\/h2>\n<p><strong>Continuar\u00e1 presenta la exposici\u00f3n &#8220;De la basura a la belleza&#8221; en la Fundaci\u00f3n Setba de Barcelona. Seis artistas de \u00c1frica Occidental hacen del reciclaje su obra, utilizando todo lo que encuentran en los vertederos, hacen muebles, cuadros, esculturas. ..<\/strong><\/p>\n<p>&nbsp;<\/p>\n<p>&nbsp;<\/p>\n<p><object data=\"http:\/\/www.rtve.es\/swf\/4.2.6\/RTVEPlayerVideo.swf\" type=\"application\/x-shockwave-flash\" width=\"650\" height=\"365\"><\/object><\/p>\n<ul>\n<li><a title=\"Continuar\u00e0 - \" href=\"http:\/\/www.rtve.es\/alacarta\/videos\/continuara\/continuara-basura-belleza\/1856076.shtml\"><strong>Continuar\u00e0 &#8211; &#8220;De la basura a la belleza&#8221;<\/strong><\/a><\/li>\n<\/ul>\n<p>&nbsp;<\/p>\n","protected":false},"excerpt":{"rendered":"<p>Continuar\u00e1 presenta la exposici\u00f3n &#8220;De la basura a la belleza&#8221; en la Fundaci\u00f3n Setba de Barcelona. Seis artistas de \u00c1frica Occidental hacen del reciclaje su obra, utilizando todo lo que encuentran en los vertederos, hacen muebles, cuadros, esculturas. ..<\/p>\n","protected":false},"author":1,"featured_media":0,"comment_status":"closed","ping_status":"closed","sticky":false,"template":"","format":"standard","meta":{"footnotes":""},"categories":[1090],"tags":[944],"class_list":["post-28809","post","type-post","status-publish","format-standard","hentry","category-noticias","tag-brossabellesa"],"_links":{"self":[{"href":"https:\/\/fundaciosetba.org\/es\/wp-json\/wp\/v2\/posts\/28809","targetHints":{"allow":["GET"]}}],"collection":[{"href":"https:\/\/fundaciosetba.org\/es\/wp-json\/wp\/v2\/posts"}],"about":[{"href":"https:\/\/fundaciosetba.org\/es\/wp-json\/wp\/v2\/types\/post"}],"author":[{"embeddable":true,"href":"https:\/\/fundaciosetba.org\/es\/wp-json\/wp\/v2\/users\/1"}],"replies":[{"embeddable":true,"href":"https:\/\/fundaciosetba.org\/es\/wp-json\/wp\/v2\/comments?post=28809"}],"version-history":[{"count":0,"href":"https:\/\/fundaciosetba.org\/es\/wp-json\/wp\/v2\/posts\/28809\/revisions"}],"wp:attachment":[{"href":"https:\/\/fundaciosetba.org\/es\/wp-json\/wp\/v2\/media?parent=28809"}],"wp:term":[{"taxonomy":"category","embeddable":true,"href":"https:\/\/fundaciosetba.org\/es\/wp-json\/wp\/v2\/categories?post=28809"},{"taxonomy":"post_tag","embeddable":true,"href":"https:\/\/fundaciosetba.org\/es\/wp-json\/wp\/v2\/tags?post=28809"}],"curies":[{"name":"wp","href":"https:\/\/api.w.org\/{rel}","templated":true}]}}