{"id":28815,"date":"2015-05-26T00:00:00","date_gmt":"2015-05-25T23:00:00","guid":{"rendered":"https:\/\/fundaciosetba.org\/teixidors-expone-sus-piezas\/"},"modified":"2015-05-26T00:00:00","modified_gmt":"2015-05-25T23:00:00","slug":"teixidors-expone-sus-piezas","status":"publish","type":"post","link":"https:\/\/fundaciosetba.org\/es\/teixidors-expone-sus-piezas\/","title":{"rendered":"Teixidors expone sus piezas"},"content":{"rendered":"<h2>Teixidors expone sus piezas<\/h2>\n<p><strong>Teixidors es una cooperativa con vocaci\u00f3n social cuya finalidad es lograr la integraci\u00f3n social y la independencia econ\u00f3mica.<\/strong><\/p>\n<p>&nbsp;<\/p>\n<p>La Fundaci\u00f3n Setba expone una selecci\u00f3n de piezas de Teixidors, elaboradas con fibras naturales a partir del delicado trabajo de un grupo de personas con discapacidad intelectual y del desarrollo. Junto al estudio de dise\u00f1o Pensando en blanco, el 20 de junio presentaron su proyecto de colaboraci\u00f3n en el ciclo <a href=\"https:\/\/fundaciosetba.org\/es\/empresas-que-suman\/\" target=\"_blank\" rel=\"noopener\">Empreses que suman +<\/a>.<\/p>\n<p><img decoding=\"async\" src=\"https:\/\/fundaciosetba.org\/wp-content\/uploads\/2021\/12\/noticies3.jpg\" alt='noticies3' \/><\/p>\n","protected":false},"excerpt":{"rendered":"<p>Teixidors es una cooperativa con vocaci\u00f3n social cuya finalidad es lograr la integraci\u00f3n social y la independencia econ\u00f3mica.<\/p>\n","protected":false},"author":1,"featured_media":28812,"comment_status":"closed","ping_status":"closed","sticky":false,"template":"","format":"standard","meta":{"footnotes":""},"categories":[1090],"tags":[],"class_list":["post-28815","post","type-post","status-publish","format-standard","has-post-thumbnail","hentry","category-noticias"],"_links":{"self":[{"href":"https:\/\/fundaciosetba.org\/es\/wp-json\/wp\/v2\/posts\/28815","targetHints":{"allow":["GET"]}}],"collection":[{"href":"https:\/\/fundaciosetba.org\/es\/wp-json\/wp\/v2\/posts"}],"about":[{"href":"https:\/\/fundaciosetba.org\/es\/wp-json\/wp\/v2\/types\/post"}],"author":[{"embeddable":true,"href":"https:\/\/fundaciosetba.org\/es\/wp-json\/wp\/v2\/users\/1"}],"replies":[{"embeddable":true,"href":"https:\/\/fundaciosetba.org\/es\/wp-json\/wp\/v2\/comments?post=28815"}],"version-history":[{"count":0,"href":"https:\/\/fundaciosetba.org\/es\/wp-json\/wp\/v2\/posts\/28815\/revisions"}],"wp:featuredmedia":[{"embeddable":true,"href":"https:\/\/fundaciosetba.org\/es\/wp-json\/wp\/v2\/media\/28812"}],"wp:attachment":[{"href":"https:\/\/fundaciosetba.org\/es\/wp-json\/wp\/v2\/media?parent=28815"}],"wp:term":[{"taxonomy":"category","embeddable":true,"href":"https:\/\/fundaciosetba.org\/es\/wp-json\/wp\/v2\/categories?post=28815"},{"taxonomy":"post_tag","embeddable":true,"href":"https:\/\/fundaciosetba.org\/es\/wp-json\/wp\/v2\/tags?post=28815"}],"curies":[{"name":"wp","href":"https:\/\/api.w.org\/{rel}","templated":true}]}}