{"id":28955,"date":"2015-05-26T00:00:00","date_gmt":"2015-05-25T23:00:00","guid":{"rendered":"https:\/\/fundaciosetba.org\/exposiciones-temporada-2013-14\/"},"modified":"2015-05-26T00:00:00","modified_gmt":"2015-05-25T23:00:00","slug":"exposiciones-temporada-2013-14","status":"publish","type":"post","link":"https:\/\/fundaciosetba.org\/es\/exposiciones-temporada-2013-14\/","title":{"rendered":"Exposiciones temporada 2013-14"},"content":{"rendered":"<h2>Exposiciones temporada 2013-14<\/h2>\n<h2><\/h2>\n<h3><\/h3>\n<h3><strong>Septiembre &#8211; octubre<\/strong><\/h3>\n<p><a href=\"https:\/\/fundaciosetba.org\/es\/setba-jove-2013-2\/\" target=\"_blank\" rel=\"noopener\"><strong>&#8216;Setba Jove 2013&#8217;<\/strong><\/a><\/p>\n<p>Del 12 de septiembre al 31 de octubre\u00a0de 2013<br \/>\nInauguraci\u00f3n 12 de septiembre a las 20h<\/p>\n<p>Sexta convocatoria de esta colectiva de creadores, menores de 30 a\u00f1os, que acoge todas las manifestaciones art\u00edsticas y pretende ser un escaparate para las j\u00f3venes promesas de nuestro arte contempor\u00e1neo. En esta edici\u00f3n colaboraremos, como otros a\u00f1os, con el Strip&#8217;Art del Centro C\u00edvico del Guinard\u00f3.<\/p>\n<div>\n<p>&nbsp;<\/p>\n<p><a href=\"https:\/\/fundaciosetba.org\/es\/proyeccion-natura-escultura-ii\/\" target=\"_blank\" rel=\"noopener\"><strong>&#8216;Natura \u00e9sCultura&#8217;<\/strong><\/a><\/p>\n<p>Del 2 al 6 de septiembre de 2013 en CACiS<\/p>\n<p>Segunda edici\u00f3n de este taller art\u00edstico en la naturaleza destinado a personas que conviven con la enfermedad mental. De nuevo contamos con la colaboraci\u00f3n de CACiS y SUSOESPAI.<\/p>\n<p>&nbsp;<\/p>\n<p><a href=\"https:\/\/fundaciosetba.org\/es\/dialogos-iniciaticos\/\" target=\"_blank\" rel=\"noopener\"><strong>&#8216;<\/strong><strong>Di\u00e1logos inici\u00e1tico<\/strong><strong>s&#8217;<\/strong><\/a><\/p>\n<p>Del 12 de septiembre al 1 de octubre\u00a0de 2013<\/p>\n<p>Primera exposici\u00f3n fruto de la colaboraci\u00f3n con la Escuela Massana de Barcelona. El artista Raimond Vayreda, profesor de la Massana, expondr\u00e1 sus obras conjuntamente con las piezas de dos de sus alumnos. Sala Llimona.<\/p>\n<p>&nbsp;<\/p>\n<p><a href=\"https:\/\/fundaciosetba.org\/es\/realidades-y-deseos-de-susana-casarin-2\/\" target=\"_blank\" rel=\"noopener\"><strong>&#8216;Realidades y deseos&#8217; de Susana Casar\u00edn<\/strong><\/a><\/p>\n<p>Del 3 al 25 de octubre\u00a0de 2013<\/p>\n<p>Exposici\u00f3n organizada conjuntamente con MEXCAT. Susana Casar\u00edn fotograf\u00eda los deseos y la dolorosa realidad con que se encuentran una serie de transexuales que viven en zonas de alta marginalidad del estado mexicano de Veracruz, poblaciones con un alto \u00edndice de violencia contra la mujer. Sala Llimona.<\/p>\n<p>&nbsp;<\/p>\n<p><a href=\"https:\/\/fundaciosetba.org\/es\/cineforum-joan-de-serrallonga-2\/\" target=\"_blank\" rel=\"noopener\"><strong>Cineforum &#8216;L\u2019inspiration de Van Gogh&#8217; de Daniel Ferrer<\/strong><\/a><\/p>\n<p>10 de octubre\u00a0de 2013\u00a0a las 19:30h<\/p>\n<p>Cineforum organizado con la colaboraci\u00f3n de cines Mald\u00e0 que se celebra coincidiendo con el D\u00eda Internacional de la Enfermedad Mental. Participar\u00e1 el director de la cinta, Daniel Ferrer, y un psiquiatra experto en la materia.<\/p>\n<p>&nbsp;<\/p>\n<p><a href=\"https:\/\/fundaciosetba.org\/es\/empresas-que-suman\/\" target=\"_blank\" rel=\"noopener\"><strong>Empresas que sumen +<\/strong><\/a><\/p>\n<p>24 de octubre\u00a0de 2013\u00a0a las 19:30h<\/p>\n<p>El ciclo de encuentros &#8216;Empresas que suman +&#8217; nace con la voluntad de unir empresas y entidades que se dediquen a la labor social, para dialogar y encontrar sinergias de trabajo. El planteamiento inicial del ciclo es dar a conocer, en cada encuentro, diferentes casos de colaboraci\u00f3n entre parejas de empresas, una una sociedad mercantil y otra de car\u00e1cter social, que trabajen conjuntamente para la atenci\u00f3n integral de personas en riesgo de exclusi\u00f3n social. Durante 2014 habr\u00e1 m\u00e1s encuentros, pero las fechas todav\u00eda no est\u00e1n fijadas.<\/p>\n<p>&nbsp;<\/p>\n<\/div>\n<h3><strong>Noviembre &#8211; enero<\/strong><\/h3>\n<p><a href=\"https:\/\/fundaciosetba.org\/es\/el-taxidermista-3\/\"><strong>&#8216;El Taxidermista&#8217;<\/strong><\/a><\/p>\n<p>Del 7 de noviembre de 2013 al 31 de enero de 2014<br \/>\nInauguraci\u00f3n 7 de noviembre a las 20h<\/p>\n<p>Exposici\u00f3n en homenaje a la tienda de taxidermia de la Plaza Real. Recrearemos el alma de la tienda con fotograf\u00edas y dioramas originales, junto con obras de artistas contempor\u00e1neos con esp\u00edritu de &#8220;taxidermistas&#8221;: Nasevo, Miquel Macaya, Carlos Piera, Guim Ti\u00f3 y Eduard Palaus. Y por segundo a\u00f1o consecutivo, artistas de SETBA har\u00e1n obras especiales para los establecimientos de la plaza. Para esta muestra contamos con la colaboraci\u00f3n del Ayuntamiento de Barcelona, el Museo de Ciencias Naturales y la Asociaci\u00f3n de Amigos de la Real.<br \/>\n<a href=\"https:\/\/fundaciosetba.org\/es\/camisones-rasgados-rosa-doughty\/\" target=\"_blank\" rel=\"noopener\"><strong>&#8216;Rosa Doughty&#8217;<\/strong><\/a><\/p>\n<p>Del 28 de octubre al 5 de noviembre\u00a0de 2013<\/p>\n<p>Exposici\u00f3n organizada en el marco del convenio establecido con CACiS. Rosa Doughty colgar\u00e1 sus estrellas en los balcones de la fachada de Setba, adem\u00e1s de una serie de fotograf\u00edas reivindicativas en torno al papel de la mujer y las injusticias que padece. Sala Llimona.<\/p>\n<p>&nbsp;<\/p>\n<p><a href=\"https:\/\/fundaciosetba.org\/projeccio-descobrint-el-monstre\/\" target=\"_blank\" rel=\"noopener\"><strong>&#8216;Deconstruyendo el monstruo&#8217;<\/strong><\/a><\/p>\n<p>Lunes 25 de noviembre\u00a0de 2013<\/p>\n<p>Taller creativo impartido por el escultor Xavier Jansana y dirigido a mujeres que han sufrido la violencia de los hombres. La finalidad de este taller es luchar contra el miedo que paraliza. La clausura tendr\u00e1 lugar con un acto en la Plaza Real, coincidiendo con el D\u00eda Internacional contra la Violencia de G\u00e9nero. Contamos con la colaboraci\u00f3n del Ayuntamiento de Barcelona.<\/p>\n<p>&nbsp;<\/p>\n<p><a href=\"https:\/\/fundaciosetba.org\/subhasta-solidaria\/\" target=\"_blank\" rel=\"noopener\"><strong>Subasta solidaria<\/strong><\/a><\/p>\n<p>4 de diciembre de 2013 a las 19:30h<\/p>\n<p>Coincidiendo con el D\u00eda internacional de la Discapacidad Intelectual, la Fundaci\u00f3n Setba organiza una subasta solidaria, en la que los asistentes podr\u00e1n pujar por las obras finalistas de las \u00faltimas convocatorias del certamen El balc\u00f3n de las artes. Los beneficios de la subasta ir\u00e1n destinados al artista y la entidad que lo representa.<\/p>\n<p>&nbsp;<\/p>\n<h3><strong>Febrero &#8211; marzo<\/strong><\/h3>\n<p><strong><a href=\"https:\/\/fundaciosetba.org\/es\/arquitecturas-pintadas\/\" target=\"_blank\" rel=\"noopener\">&#8216;Arquitecturas pintadas&#8217;<\/a><\/strong><strong>\u00a0+ &#8216;<a href=\"https:\/\/fundaciosetba.org\/es\/arquitecturas-desaparecidas\/\" target=\"_blank\" rel=\"noopener\">Arquitecturas desaparecidas<\/a>&#8216;<\/strong><\/p>\n<p>Del 5 de febrero al 29 de marzo\u00a0de 2014<br \/>\nInauguraci\u00f3n 5 de febrero a las 20h<\/p>\n<p>Doble exposici\u00f3n centrada en la arquitectura, des de una perspectiva pict\u00f3rica e hist\u00f3rica. Por un lado, Rosa Solano plantea una reflexi\u00f3n sobre el orden de las cosas y la estructuraci\u00f3n del espacio. Y por otro, contaremos con una muestra fotogr\u00e1fica de las arquitecturas desaparecidas de Barcelona. Un homenaje que cumple, de nuevo, uno de los objetivos de Setba: recuperar la memoria de nuestra ciudad.<\/p>\n<p>&nbsp;<\/p>\n<h3><strong>Abril &#8211; mayo<\/strong><\/h3>\n<p><strong>&#8216;<\/strong><strong><a href=\"https:\/\/fundaciosetba.org\/nasevo-i-les-olors-de-barcelona\/\">Nasevo y los colores de Barcelona<\/a>&#8216;<\/strong><\/p>\n<p>Del 3 de abril al 14 de junio de 2014<br \/>\nInauguraci\u00f3n 2 de abril a las 20h<\/p>\n<p>Nasevo es el acr\u00f3nimo de Ernest Vent\u00f3s. El mundo de las fragancias y la tradici\u00f3n de las esencias le han acompa\u00f1ado desde peque\u00f1o y esto le ha ayudado a construir una poderosa memoria olfativa. Las creaciones de Nasevo surgen como fruto de la simbiosis entre sus dos pasiones, las fragancias y el arte pl\u00e1stico, donde la nariz, como nexo de uni\u00f3n, es el gran protagonista.<\/p>\n<h3><\/h3>\n<h3><strong>Junio &#8211; septiembre<\/strong><\/h3>\n<p><a href=\"https:\/\/fundaciosetba.org\/es\/cazadores-de-hermes\/\" target=\"_blank\" rel=\"noopener\"><strong>\u2018Cazadores de Hermes\u2019<\/strong><\/a><\/p>\n<p>Del 19 de junio al 12 de septiembre de 2014<br \/>\nInauguraci\u00f3n 4 de junio a les 20h<\/p>\n<p>La exposici\u00f3n gira entorno a la importancia en Barcelona del semidi\u00f3s griego Hermes como fundador de la ciudad, junto con Heracles. A menudo desconocido para muchas personas, est\u00e1 presente en infinidad de fachadas de la Barcelona de finales del siglo XIX y principios del XX.<\/p>\n<p>&nbsp;<\/p>\n<p><a href=\"http:\/\/esp.fundaciosetba.org\/el-balcon-de-las-artes-2014-xidc-1151\" target=\"_blank\" rel=\"noopener\"><strong>El Balc\u00f3n de las Artes IV<\/strong><\/a><\/p>\n<p>Del 10 al 17 de junio de 2014 en el Reial Cercle Art\u00edstic de Barcelona<\/p>\n<p>Cuarta edici\u00f3n del certamen El balc\u00f3n de las artes, destinado a artistas con discapacidad intelectual y del desarrollo. La exposici\u00f3n y la entrega de premios tendr\u00e1 lugar en el Real C\u00edrculo Art\u00edstico de Barcelona.<\/p>\n<p>&nbsp;<\/p>\n<p>Consulta la programaci\u00f3n de las temporada\u00a0<a href=\"https:\/\/fundaciosetba.org\/exposicions-temporada-2012-13\/\" target=\"_blank\" rel=\"noopener\">2012-13<\/a>, \u00a0<a href=\"https:\/\/fundaciosetba.org\/es\/exposiciones-temporada-2011-12\/\" target=\"_blank\" rel=\"noopener\">2011-12<\/a> y <a href=\"https:\/\/fundaciosetba.org\/es\/exposiciones-temporada-2010-11\/\" target=\"_blank\" rel=\"noopener\">2010-11<\/a>.<\/p>\n","protected":false},"excerpt":{"rendered":"<p>Exposiciones temporada 2013-14<\/p>\n","protected":false},"author":1,"featured_media":0,"comment_status":"closed","ping_status":"closed","sticky":false,"template":"","format":"standard","meta":{"footnotes":""},"categories":[1090],"tags":[957],"class_list":["post-28955","post","type-post","status-publish","format-standard","hentry","category-noticias","tag-temporada"],"_links":{"self":[{"href":"https:\/\/fundaciosetba.org\/es\/wp-json\/wp\/v2\/posts\/28955","targetHints":{"allow":["GET"]}}],"collection":[{"href":"https:\/\/fundaciosetba.org\/es\/wp-json\/wp\/v2\/posts"}],"about":[{"href":"https:\/\/fundaciosetba.org\/es\/wp-json\/wp\/v2\/types\/post"}],"author":[{"embeddable":true,"href":"https:\/\/fundaciosetba.org\/es\/wp-json\/wp\/v2\/users\/1"}],"replies":[{"embeddable":true,"href":"https:\/\/fundaciosetba.org\/es\/wp-json\/wp\/v2\/comments?post=28955"}],"version-history":[{"count":0,"href":"https:\/\/fundaciosetba.org\/es\/wp-json\/wp\/v2\/posts\/28955\/revisions"}],"wp:attachment":[{"href":"https:\/\/fundaciosetba.org\/es\/wp-json\/wp\/v2\/media?parent=28955"}],"wp:term":[{"taxonomy":"category","embeddable":true,"href":"https:\/\/fundaciosetba.org\/es\/wp-json\/wp\/v2\/categories?post=28955"},{"taxonomy":"post_tag","embeddable":true,"href":"https:\/\/fundaciosetba.org\/es\/wp-json\/wp\/v2\/tags?post=28955"}],"curies":[{"name":"wp","href":"https:\/\/api.w.org\/{rel}","templated":true}]}}